{"id":1035,"date":"2019-04-16T15:58:10","date_gmt":"2019-04-16T15:58:10","guid":{"rendered":"https:\/\/fundacionperiodismo.org\/formaciondualenperiodismo\/?page_id=1035"},"modified":"2019-07-02T18:58:30","modified_gmt":"2019-07-02T18:58:30","slug":"entrevista-a-esther-mamani","status":"publish","type":"post","link":"https:\/\/fundacionperiodismo.org\/formaciondualenperiodismo\/entrevista-a-esther-mamani\/","title":{"rendered":"Entrevista a Esther Mamani"},"content":{"rendered":"<p><strong>Esther Mamani:<\/strong><\/p>\n<h1><strong>\u00a0<\/strong><strong>\u201cLa Formaci\u00f3n Dual ha cambiado mis expectativas\u201d<\/strong><\/h1>\n<p>Esther Mamani es periodista de la Red ATB. Particip\u00f3 de la Formaci\u00f3n Dual en Periodismo (FDP) en su primera versi\u00f3n (2014 &#8211; 2015) que impuls\u00f3 la Fundaci\u00f3n para el Periodismo (FPP) y la Deutsche Welle Akademie.<\/p>\n<ol>\n<li><strong>\u00bfPor qu\u00e9 decidiste ser periodista?<\/strong><\/li>\n<\/ol>\n<p><strong>\u00a0<\/strong><\/p>\n<p><strong>E.M.<\/strong> Siempre fui curiosa, metiche y entrometida; aunque no necesariamente parece ser una virtud, es parte de las caracter\u00edsticas de una periodista. En colegio una profesora me influenci\u00f3 mucho, fue la \u00fanica que nos hac\u00eda escribir y nos impulsaba a la descripci\u00f3n de temas tangibles como ir al mercado con la mam\u00e1 o la compra de \u00fatiles. Posteriormente nos hicieron un test de competencias y sali\u00f3 profesora o periodista. La FPP fue una salvaci\u00f3n con seminarios, charlas y talleres. Yo no me considero una periodista, aspiro a ser periodista.<\/p>\n<p>&nbsp;<\/p>\n<ol start=\"2\">\n<li><strong>\u00bfC\u00f3mo definir\u00edas al periodismo bueno, \u00e9tico y responsable?<\/strong><\/li>\n<\/ol>\n<p><strong>\u00a0<\/strong><\/p>\n<p><strong>E.M.<\/strong> La televisi\u00f3n, prensa y radio deber\u00edan estar en un mismo nivel pero cada uno de ellos tiene vicios y virtudes. Demuestras tu \u00e9tica con responsabilidad, con el trabajo que est\u00e1s haciendo. Por el tema de la inmediatez te piden traer notas por kilo, se ha vuelto un vaciado de datos pero no creo que se trate de periodismo, creo que hay mucho de reporter\u00eda que no llega a ser periodismo.<\/p>\n<p>&nbsp;<\/p>\n<ol start=\"3\">\n<li><strong>\u00bfQu\u00e9 experiencias ten\u00edas antes de empezar la Formaci\u00f3n Dual en Periodismo? <\/strong><\/li>\n<\/ol>\n<p><strong>\u00a0<\/strong><\/p>\n<p><strong>E.M.<\/strong> Antes he trabajado como periodista ad honorem en una revista de mujeres haciendo notas de prensa y fue una experiencia gratificante. Despu\u00e9s me contactaron de una revista de negocios y publicidad y no me gust\u00f3 hacer publinotas. No ten\u00eda mucha experiencia. La Formaci\u00f3n Dual ha cambiado mis expectativas. Fue el primer salto y el trampol\u00edn al periodismo serio y me dieron una oportunidad enorme de trabajar en ATB y realizar verdaderas pr\u00e1cticas de periodismo.<\/p>\n<p>&nbsp;<\/p>\n<ol start=\"4\">\n<li><strong>\u00bfPor qu\u00e9 te inscribiste a la Formaci\u00f3n Dual en Periodismo? <\/strong><\/li>\n<\/ol>\n<p><strong>\u00a0<\/strong><\/p>\n<p><strong>E.M.<\/strong> Primero por la FPP como tal. Todo lo que he visto de la Fundaci\u00f3n ha sido \u00fatil, satisfactorio, gratificante y un reto para m\u00ed. Segundo, no hab\u00eda mucho que pensar, yo estaba en el tercer a\u00f1o y unos meses de la universidad y cuando vi la convocatoria me met\u00ed de lleno. La FPP te especializa en el tema de periodismo, lo que lamentablemente la universidad no hace.<\/p>\n<p>&nbsp;<\/p>\n<ol start=\"5\">\n<li><strong>\u00bfQu\u00e9 te pareci\u00f3 la Formaci\u00f3n Dual en Periodismo?<\/strong><\/li>\n<\/ol>\n<p><strong>\u00a0<\/strong><\/p>\n<p><strong>E.M.<\/strong> Es una excelente experiencia porque por primera vez he tomado un curso en el que esto de aprendamos haciendo con pr\u00e1cticas se ha hecho tangible al 100%.<\/p>\n<p>&nbsp;<\/p>\n<ol start=\"6\">\n<li><strong>\u00bfQu\u00e9 aprendiste en los m\u00f3dulos de la Formaci\u00f3n Dual en Periodismo? <\/strong><\/li>\n<\/ol>\n<p><strong>\u00a0<\/strong><\/p>\n<p><strong>E.M.<\/strong> A valorar cada rama del periodismo. A desenvolverme en todas las \u00e1reas.<\/p>\n<p>&nbsp;<\/p>\n<ol start=\"7\">\n<li><strong> \u00bfQu\u00e9 consejo les dar\u00edas a las personas que quieren aplicar a la FDP?<\/strong><\/li>\n<\/ol>\n<p>&nbsp;<\/p>\n<p><strong>E.M.<\/strong> Que le saquen provecho, que valoren a la Formaci\u00f3n Dual en Periodismo y \u00a0a la Fundaci\u00f3n para el Periodismo.<\/p>\n<p>&nbsp;<\/p>\n<p>&nbsp;<\/p>\n<p>&nbsp;<\/p>\n","protected":false},"excerpt":{"rendered":"<p>Esther Mamani: \u00a0\u201cLa Formaci\u00f3n Dual ha cambiado mis expectativas\u201d Esther Mamani es periodista de la Red ATB. Particip\u00f3 de la Formaci\u00f3n Dual en Periodismo (FDP) en su primera versi\u00f3n (2014 &#8211; 2015) que impuls\u00f3 la Fundaci\u00f3n para el Periodismo (FPP) y la Deutsche Welle Akademie. \u00bfPor qu\u00e9 decidiste ser periodista? \u00a0 E.M. Siempre fui curiosa,&#8230;<\/p>\n","protected":false},"author":1,"featured_media":1324,"comment_status":"closed","ping_status":"closed","sticky":false,"template":"","format":"standard","meta":{"footnotes":""},"categories":[14,21],"tags":[],"class_list":["post-1035","post","type-post","status-publish","format-standard","has-post-thumbnail","hentry","category-14","category-entrevistas-a-participantes-2014"],"_links":{"self":[{"href":"https:\/\/fundacionperiodismo.org\/formaciondualenperiodismo\/wp-json\/wp\/v2\/posts\/1035","targetHints":{"allow":["GET"]}}],"collection":[{"href":"https:\/\/fundacionperiodismo.org\/formaciondualenperiodismo\/wp-json\/wp\/v2\/posts"}],"about":[{"href":"https:\/\/fundacionperiodismo.org\/formaciondualenperiodismo\/wp-json\/wp\/v2\/types\/post"}],"author":[{"embeddable":true,"href":"https:\/\/fundacionperiodismo.org\/formaciondualenperiodismo\/wp-json\/wp\/v2\/users\/1"}],"replies":[{"embeddable":true,"href":"https:\/\/fundacionperiodismo.org\/formaciondualenperiodismo\/wp-json\/wp\/v2\/comments?post=1035"}],"version-history":[{"count":4,"href":"https:\/\/fundacionperiodismo.org\/formaciondualenperiodismo\/wp-json\/wp\/v2\/posts\/1035\/revisions"}],"predecessor-version":[{"id":1329,"href":"https:\/\/fundacionperiodismo.org\/formaciondualenperiodismo\/wp-json\/wp\/v2\/posts\/1035\/revisions\/1329"}],"wp:featuredmedia":[{"embeddable":true,"href":"https:\/\/fundacionperiodismo.org\/formaciondualenperiodismo\/wp-json\/wp\/v2\/media\/1324"}],"wp:attachment":[{"href":"https:\/\/fundacionperiodismo.org\/formaciondualenperiodismo\/wp-json\/wp\/v2\/media?parent=1035"}],"wp:term":[{"taxonomy":"category","embeddable":true,"href":"https:\/\/fundacionperiodismo.org\/formaciondualenperiodismo\/wp-json\/wp\/v2\/categories?post=1035"},{"taxonomy":"post_tag","embeddable":true,"href":"https:\/\/fundacionperiodismo.org\/formaciondualenperiodismo\/wp-json\/wp\/v2\/tags?post=1035"}],"curies":[{"name":"wp","href":"https:\/\/api.w.org\/{rel}","templated":true}]}}