{"id":1149,"date":"2019-04-22T16:55:39","date_gmt":"2019-04-22T16:55:39","guid":{"rendered":"https:\/\/fundacionperiodismo.org\/formaciondualenperiodismo\/?p=1149"},"modified":"2019-04-22T17:35:13","modified_gmt":"2019-04-22T17:35:13","slug":"nota-2018-tecnicas-y-herramientas-digitales","status":"publish","type":"post","link":"https:\/\/fundacionperiodismo.org\/formaciondualenperiodismo\/nota-2018-tecnicas-y-herramientas-digitales\/","title":{"rendered":"Notas 2018: T\u00e9cnicas y herramientas digitales"},"content":{"rendered":"<header id=\"post-header\">\n<h1 class=\"post-title left\">T\u00e9cnicas y herramientas digitales para el periodismo de datos<\/h1>\n<\/header>\n<div id=\"post-feat-img\" class=\"left relative\"><img fetchpriority=\"high\" decoding=\"async\" class=\"attachment- size- wp-post-image\" src=\"https:\/\/fundacionperiodismo.org\/wp-content\/uploads\/2018\/04\/doc1.jpg\" sizes=\"(max-width: 567px) 100vw, 567px\" srcset=\"https:\/\/fundacionperiodismo.org\/wp-content\/uploads\/2018\/04\/doc1.jpg 567w, https:\/\/fundacionperiodismo.org\/wp-content\/uploads\/2018\/04\/doc1-300x169.jpg 300w\" alt=\"\" width=\"567\" height=\"319\" \/><\/div>\n<div id=\"content-area\" class=\"post-4061 post type-post status-publish format-standard has-post-thumbnail hentry category-formacion-dual category-z-nota tag-formacion-dual2018 tag-nota\">\n<div class=\"post-cont-out\">\n<div class=\"post-cont-in\">\n<div id=\"content-main\" class=\"left relative\">\n<p>\u00bfC\u00f3mo convencer a un editor de un tema? Esa y otras estrategias se desarrollaron en el tercer m\u00f3dulo \u201cPeriodismo de investigaci\u00f3n y datos II\u201d del programa Formaci\u00f3n Dual en Periodismo.<\/p>\n<p>Dicho m\u00f3dulo se desarroll\u00f3 del 2 al 7 de abril en la \u201cSala de Redacci\u00f3n\u201d de la Fundaci\u00f3n para el Periodismo con la facilitadora colombiana, Ginna Morelo y el facilitador boliviano, Wilfredo Jord\u00e1n.<\/p>\n<p>Qu\u00e9 se debe tener en cuenta a la hora de proponer un tema, la importancia de los formatos period\u00edsticos y saber vender la idea al editor fueron algunos de los contenidos del m\u00f3dulo. Adem\u00e1s revisaron algunos trucos para analizar datos, herramientas para extraer datos, importancia de las bases de datos, visualizar los datos, qu\u00e9 aspectos hay que tener en cuenta para visualizar los datos y qu\u00e9 gr\u00e1fico usar.<\/p>\n<p>Tambi\u00e9n se utiliz\u00f3 la t\u00e9cnica de verificaci\u00f3n de datos o fact cheking y se mostr\u00f3 algunos portales como ColombiaCheck, el detector de mentiras de La Silla Vac\u00eda, Africa Check y Chequeado, qu\u00e9 se necesita para conformar equipos de chequeadores y c\u00f3mo se eval\u00faa el \u00e9xito de los medios dedicados a la verificaci\u00f3n de datos.<\/p>\n<p>Al taller se invit\u00f3 al desarrollador, Alejandro C\u00f3rdova quien explic\u00f3 a los periodistas el c\u00f3digo HTML para que pudieran armar visualizaciones y montajes en p\u00e1ginas web.<\/p>\n<p>Los 18 participantes del curso, divididos en grupos, presentaron los siguientes productos al finalizar el taller:<\/p>\n<p><a href=\"https:\/\/laverdadnoshacelibres7.blogspot.com\/2018\/04\/victima-de-la-mentira-en-redes-sociales.html\">https:\/\/laverdadnoshacelibres7.blogspot.com\/2018\/04\/victima-de-la-mentira-en-redes-sociales.html<\/a><\/p>\n<p><a href=\"https:\/\/atavist-5skw472.atavist.com\/quienes-estan-matando-a-las-mujeres-en-bolivia\">https:\/\/atavist-5skw472.atavist.com\/quienes-estan-matando-a-las-mujeres-en-bolivia<\/a><\/p>\n<p><a href=\"https:\/\/owen182.wordpress.com\/2018\/04\/06\/evo-perdio-mas-de-medio-millon-de-votos-en-el-ultimo-proceso-electoral\/\">https:\/\/owen182.wordpress.com\/2018\/04\/06\/evo-perdio-mas-de-medio-millon-de-votos-en-el-ultimo-proceso-electoral\/<\/a><\/p>\n<p><a href=\"https:\/\/social.shorthand.com\/popglob\/n29rruN1on\/para-quienes-producimos\">https:\/\/social.shorthand.com\/popglob\/n29rruN1on\/para-quienes-producimos<\/a><\/p>\n<p><a href=\"https:\/\/app-social.shorthand.com\/preview\/gcgKX2aZCijCeg1bgakCi32321WCrkyijCR2KJCakgRj2FgFb2rkyxjyOyFJyaky\">https:\/\/app-social.shorthand.com\/preview\/gcgKX2aZCijCeg1bgakCi32321WCrkyijCR2KJCakgRj2FgFb2rkyxjyOyFJyaky<\/a><\/p>\n<div id=\"attachment_4063\" class=\"wp-caption aligncenter\">\n<p><a href=\"http:\/\/fundacionperiodismo.org\/wp-content\/uploads\/2018\/04\/doc2.jpg\" data-featherlight=\"image\"><img decoding=\"async\" class=\"size-full wp-image-4063\" src=\"http:\/\/fundacionperiodismo.org\/wp-content\/uploads\/2018\/04\/doc2.jpg\" sizes=\"(max-width: 567px) 100vw, 567px\" srcset=\"https:\/\/fundacionperiodismo.org\/wp-content\/uploads\/2018\/04\/doc2.jpg 567w, https:\/\/fundacionperiodismo.org\/wp-content\/uploads\/2018\/04\/doc2-300x169.jpg 300w\" alt=\"\" width=\"567\" height=\"319\" \/><\/a><\/p>\n<p class=\"wp-caption-text\">Ginna Morelo explicando el proceso de investigaci\u00f3n<\/p>\n<\/div>\n<div id=\"attachment_4064\" class=\"wp-caption aligncenter\">\n<p><a href=\"http:\/\/fundacionperiodismo.org\/wp-content\/uploads\/2018\/04\/doc3.jpg\" data-featherlight=\"image\"><img decoding=\"async\" class=\"size-full wp-image-4064\" src=\"http:\/\/fundacionperiodismo.org\/wp-content\/uploads\/2018\/04\/doc3.jpg\" sizes=\"(max-width: 567px) 100vw, 567px\" srcset=\"https:\/\/fundacionperiodismo.org\/wp-content\/uploads\/2018\/04\/doc3.jpg 567w, https:\/\/fundacionperiodismo.org\/wp-content\/uploads\/2018\/04\/doc3-300x169.jpg 300w\" alt=\"\" width=\"567\" height=\"319\" \/><\/a><\/p>\n<p class=\"wp-caption-text\">Participantes del tercer m\u00f3dulo<\/p>\n<\/div>\n<\/div>\n<\/div>\n<\/div>\n<\/div>\n","protected":false},"excerpt":{"rendered":"<p>T\u00e9cnicas y herramientas digitales para el periodismo de datos \u00bfC\u00f3mo convencer a un editor de un tema? Esa y otras estrategias se desarrollaron en el tercer m\u00f3dulo \u201cPeriodismo de investigaci\u00f3n y datos II\u201d del programa Formaci\u00f3n Dual en Periodismo. Dicho m\u00f3dulo se desarroll\u00f3 del 2 al 7 de abril en la \u201cSala de Redacci\u00f3n\u201d de&#8230;<\/p>\n","protected":false},"author":1,"featured_media":0,"comment_status":"closed","ping_status":"closed","sticky":false,"template":"","format":"standard","meta":{"footnotes":""},"categories":[15],"tags":[],"class_list":["post-1149","post","type-post","status-publish","format-standard","hentry","category-notas"],"_links":{"self":[{"href":"https:\/\/fundacionperiodismo.org\/formaciondualenperiodismo\/wp-json\/wp\/v2\/posts\/1149","targetHints":{"allow":["GET"]}}],"collection":[{"href":"https:\/\/fundacionperiodismo.org\/formaciondualenperiodismo\/wp-json\/wp\/v2\/posts"}],"about":[{"href":"https:\/\/fundacionperiodismo.org\/formaciondualenperiodismo\/wp-json\/wp\/v2\/types\/post"}],"author":[{"embeddable":true,"href":"https:\/\/fundacionperiodismo.org\/formaciondualenperiodismo\/wp-json\/wp\/v2\/users\/1"}],"replies":[{"embeddable":true,"href":"https:\/\/fundacionperiodismo.org\/formaciondualenperiodismo\/wp-json\/wp\/v2\/comments?post=1149"}],"version-history":[{"count":2,"href":"https:\/\/fundacionperiodismo.org\/formaciondualenperiodismo\/wp-json\/wp\/v2\/posts\/1149\/revisions"}],"predecessor-version":[{"id":1151,"href":"https:\/\/fundacionperiodismo.org\/formaciondualenperiodismo\/wp-json\/wp\/v2\/posts\/1149\/revisions\/1151"}],"wp:attachment":[{"href":"https:\/\/fundacionperiodismo.org\/formaciondualenperiodismo\/wp-json\/wp\/v2\/media?parent=1149"}],"wp:term":[{"taxonomy":"category","embeddable":true,"href":"https:\/\/fundacionperiodismo.org\/formaciondualenperiodismo\/wp-json\/wp\/v2\/categories?post=1149"},{"taxonomy":"post_tag","embeddable":true,"href":"https:\/\/fundacionperiodismo.org\/formaciondualenperiodismo\/wp-json\/wp\/v2\/tags?post=1149"}],"curies":[{"name":"wp","href":"https:\/\/api.w.org\/{rel}","templated":true}]}}