{"id":1152,"date":"2019-04-22T17:00:37","date_gmt":"2019-04-22T17:00:37","guid":{"rendered":"https:\/\/fundacionperiodismo.org\/formaciondualenperiodismo\/?p=1152"},"modified":"2019-04-22T17:34:56","modified_gmt":"2019-04-22T17:34:56","slug":"notas-2018","status":"publish","type":"post","link":"https:\/\/fundacionperiodismo.org\/formaciondualenperiodismo\/notas-2018\/","title":{"rendered":"Notas 2018: Debemos perderle miedo a la econom\u00eda"},"content":{"rendered":"<header id=\"post-header\">\n<h1 class=\"post-title left\">Debemos perderle miedo a la econom\u00eda<\/h1>\n<\/header>\n<div id=\"post-feat-img\" class=\"left relative\">\n<p><img fetchpriority=\"high\" decoding=\"async\" class=\"attachment- size- wp-post-image\" src=\"https:\/\/fundacionperiodismo.org\/wp-content\/uploads\/2018\/05\/5.jpg\" sizes=\"(max-width: 567px) 100vw, 567px\" srcset=\"https:\/\/fundacionperiodismo.org\/wp-content\/uploads\/2018\/05\/5.jpg 567w, https:\/\/fundacionperiodismo.org\/wp-content\/uploads\/2018\/05\/5-300x225.jpg 300w\" alt=\"\" width=\"567\" height=\"425\" \/><\/p>\n<div class=\"post-feat-text\"><\/div>\n<\/div>\n<div id=\"content-area\" class=\"post-4213 post type-post status-publish format-standard has-post-thumbnail hentry category-formacion-dual category-z-nota tag-formacion-dual tag-nota\">\n<div class=\"post-cont-out\">\n<div class=\"post-cont-in\">\n<div id=\"content-main\" class=\"left relative\">\n<p>\u201cUsted le debe mil d\u00f3lares a los bancos internacionales\u201d. \u00c9se es uno de los reportajes del cuarto m\u00f3dulo \u201cPeriodismo econ\u00f3mico\u201d de la Formaci\u00f3n Dual en Periodismo.<\/p>\n<p>Dicho m\u00f3dulo se desarroll\u00f3 del 30 de abril al 5 de mayo en instalaciones de la Fundaci\u00f3n para el Periodismo. Los facilitadores fueron el colombiano, Alberto Mart\u00ednez y el boliviano, Pastor Auza.<\/p>\n<p>En el transcurso de la semana de capacitaci\u00f3n, facilitadores y participantes revisaron conceptos de econom\u00eda, el periodismo frente a la econom\u00eda, la especializaci\u00f3n period\u00edstica, los dilemas de la redacci\u00f3n econ\u00f3mica, las fuentes econ\u00f3micas bolivianas y su relaci\u00f3n con los periodistas; y c\u00f3mo escoger los g\u00e9neros. Adem\u00e1s utilizaron metodolog\u00edas para calcular la tasa de desempleo y los pasos para la argumentaci\u00f3n econ\u00f3mica.<\/p>\n<p>Uno de los objetivos de este m\u00f3dulo fue entender la econom\u00eda desde la perspectiva de una actividad diaria (en el transporte, comida y vestimenta). Se enfatiz\u00f3 que la econom\u00eda no s\u00f3lo se encuentra en los n\u00fameros y que se debe seducir con esas historias a la ciudadan\u00eda.<\/p>\n<p>Otros de los trabajos presentados fueron \u201cEl tercer producto de exportaci\u00f3n en el pa\u00eds es el boliviano\u201d, \u00bfCu\u00e1nto cuesta criar un hijo en Bolivia? y \u201cHoy cocino\u2026 ma\u00f1ana \u00bfqui\u00e9n sabe?\u201d.<\/p>\n<\/div>\n<\/div>\n<\/div>\n<\/div>\n","protected":false},"excerpt":{"rendered":"<p>Debemos perderle miedo a la econom\u00eda \u201cUsted le debe mil d\u00f3lares a los bancos internacionales\u201d. \u00c9se es uno de los reportajes del cuarto m\u00f3dulo \u201cPeriodismo econ\u00f3mico\u201d de la Formaci\u00f3n Dual en Periodismo. Dicho m\u00f3dulo se desarroll\u00f3 del 30 de abril al 5 de mayo en instalaciones de la Fundaci\u00f3n para el Periodismo. Los facilitadores fueron&#8230;<\/p>\n","protected":false},"author":1,"featured_media":0,"comment_status":"closed","ping_status":"closed","sticky":false,"template":"","format":"standard","meta":{"footnotes":""},"categories":[15],"tags":[],"class_list":["post-1152","post","type-post","status-publish","format-standard","hentry","category-notas"],"_links":{"self":[{"href":"https:\/\/fundacionperiodismo.org\/formaciondualenperiodismo\/wp-json\/wp\/v2\/posts\/1152","targetHints":{"allow":["GET"]}}],"collection":[{"href":"https:\/\/fundacionperiodismo.org\/formaciondualenperiodismo\/wp-json\/wp\/v2\/posts"}],"about":[{"href":"https:\/\/fundacionperiodismo.org\/formaciondualenperiodismo\/wp-json\/wp\/v2\/types\/post"}],"author":[{"embeddable":true,"href":"https:\/\/fundacionperiodismo.org\/formaciondualenperiodismo\/wp-json\/wp\/v2\/users\/1"}],"replies":[{"embeddable":true,"href":"https:\/\/fundacionperiodismo.org\/formaciondualenperiodismo\/wp-json\/wp\/v2\/comments?post=1152"}],"version-history":[{"count":2,"href":"https:\/\/fundacionperiodismo.org\/formaciondualenperiodismo\/wp-json\/wp\/v2\/posts\/1152\/revisions"}],"predecessor-version":[{"id":1154,"href":"https:\/\/fundacionperiodismo.org\/formaciondualenperiodismo\/wp-json\/wp\/v2\/posts\/1152\/revisions\/1154"}],"wp:attachment":[{"href":"https:\/\/fundacionperiodismo.org\/formaciondualenperiodismo\/wp-json\/wp\/v2\/media?parent=1152"}],"wp:term":[{"taxonomy":"category","embeddable":true,"href":"https:\/\/fundacionperiodismo.org\/formaciondualenperiodismo\/wp-json\/wp\/v2\/categories?post=1152"},{"taxonomy":"post_tag","embeddable":true,"href":"https:\/\/fundacionperiodismo.org\/formaciondualenperiodismo\/wp-json\/wp\/v2\/tags?post=1152"}],"curies":[{"name":"wp","href":"https:\/\/api.w.org\/{rel}","templated":true}]}}