{"id":1155,"date":"2019-04-22T17:07:39","date_gmt":"2019-04-22T17:07:39","guid":{"rendered":"https:\/\/fundacionperiodismo.org\/formaciondualenperiodismo\/?p=1155"},"modified":"2019-04-22T17:34:30","modified_gmt":"2019-04-22T17:34:30","slug":"notas-2018-redactar-cronicas","status":"publish","type":"post","link":"https:\/\/fundacionperiodismo.org\/formaciondualenperiodismo\/notas-2018-redactar-cronicas\/","title":{"rendered":"Notas 2018: Redactar Cr\u00f3nicas"},"content":{"rendered":"<div id=\"post-feat-img\" class=\"left relative\"><img fetchpriority=\"high\" decoding=\"async\" class=\"attachment- size- wp-post-image\" src=\"https:\/\/fundacionperiodismo.org\/wp-content\/uploads\/2018\/06\/fff.jpg\" sizes=\"(max-width: 567px) 100vw, 567px\" srcset=\"https:\/\/fundacionperiodismo.org\/wp-content\/uploads\/2018\/06\/fff.jpg 567w, https:\/\/fundacionperiodismo.org\/wp-content\/uploads\/2018\/06\/fff-300x199.jpg 300w\" alt=\"\" width=\"567\" height=\"377\" \/><\/div>\n<div id=\"content-area\" class=\"post-4279 post type-post status-publish format-standard has-post-thumbnail hentry category-formacion-dual category-nota tag-formacion-dual2018\">\n<div class=\"post-cont-out\">\n<div class=\"post-cont-in\">\n<div id=\"content-main\" class=\"left relative\">\n<p><em><u>\u00a0<\/u><\/em><strong>REDACTAR CR\u00d3NICAS ES TODO UN ARTE<br \/>\n<\/strong><\/p>\n<h1><strong>TALLER DE PERIODISMO NARRATIVO<br \/>\n<\/strong><\/h1>\n<p>Escribir una cr\u00f3nica es salir del periodismo cotidiano. La Formaci\u00f3n Dual en Periodismo que impulsa la Fundaci\u00f3n para el Periodismo con el apoyo de la Deutsche Welle Akademie, desarroll\u00f3 el quinto m\u00f3dulo \u201cPeriodismo Narrativo\u201d del 28 de mayo al 2 de junio con las facilitadoras Helena Ferro de Gouveia y Anah\u00ed Cazas.<\/p>\n<p>Durante toda una semana, los 17 periodistas que participan de dicha formaci\u00f3n revisaron las caracter\u00edsticas, estilos y estructura de la cr\u00f3nica period\u00edstica y las fases del texto de periodismo narrativo\u00a0<strong>i)<\/strong>\u00a0Preparaci\u00f3n,\u00a0<strong>ii)<\/strong>\u00a0Reporteo,\u00a0<strong>iii)<\/strong>Selecci\u00f3n\u00a0 de material y\u00a0<strong>iv)<\/strong>\u00a0Escritura.<\/p>\n<p>Adem\u00e1s exploraron los diferentes recursos literarios que pueden utilizar a la hora de redactar una cr\u00f3nica por ejemplo la met\u00e1fora, el paralelismo, la hip\u00e9rbole, el ox\u00edmoron, el juego de palabras, entre otras.<\/p>\n<p>Uno de los puntos centrales del taller fue la lectura de las cr\u00f3nicas del \u201cmaestro\u201d Gabriel Garc\u00eda M\u00e1rquez. Una de las facilitadoras remarc\u00f3 que no se debe olvidar las lecciones del periodista, Ryszard Kapuscinski, ir\/llegar, mirar, oler, describir, contar y entender.<\/p>\n<p>Considerando que la tem\u00e1tica del quinto m\u00f3dulo fue interculturalidad, justicia y discriminaci\u00f3n (pueblos ind\u00edgenas) se invit\u00f3 al Ex \u2013 Vicepresidente de la Rep\u00fablica de Bolivia, (ahora Estado Plurinacional de Bolivia), V\u00edctor Hugo C\u00e1rdenas para que pueda brindar una charla informativa sobre interculturalidad, discriminaci\u00f3n y pueblos ind\u00edgenas y al Ex \u2013 Defensor del Pueblo, Rolando Villena para conversar sobre justicia y derechos humanos.<\/p>\n<\/div>\n<\/div>\n<\/div>\n<\/div>\n","protected":false},"excerpt":{"rendered":"<p>\u00a0REDACTAR CR\u00d3NICAS ES TODO UN ARTE TALLER DE PERIODISMO NARRATIVO Escribir una cr\u00f3nica es salir del periodismo cotidiano. La Formaci\u00f3n Dual en Periodismo que impulsa la Fundaci\u00f3n para el Periodismo con el apoyo de la Deutsche Welle Akademie, desarroll\u00f3 el quinto m\u00f3dulo \u201cPeriodismo Narrativo\u201d del 28 de mayo al 2 de junio con las facilitadoras&#8230;<\/p>\n","protected":false},"author":1,"featured_media":0,"comment_status":"closed","ping_status":"closed","sticky":false,"template":"","format":"standard","meta":{"footnotes":""},"categories":[15],"tags":[],"class_list":["post-1155","post","type-post","status-publish","format-standard","hentry","category-notas"],"_links":{"self":[{"href":"https:\/\/fundacionperiodismo.org\/formaciondualenperiodismo\/wp-json\/wp\/v2\/posts\/1155","targetHints":{"allow":["GET"]}}],"collection":[{"href":"https:\/\/fundacionperiodismo.org\/formaciondualenperiodismo\/wp-json\/wp\/v2\/posts"}],"about":[{"href":"https:\/\/fundacionperiodismo.org\/formaciondualenperiodismo\/wp-json\/wp\/v2\/types\/post"}],"author":[{"embeddable":true,"href":"https:\/\/fundacionperiodismo.org\/formaciondualenperiodismo\/wp-json\/wp\/v2\/users\/1"}],"replies":[{"embeddable":true,"href":"https:\/\/fundacionperiodismo.org\/formaciondualenperiodismo\/wp-json\/wp\/v2\/comments?post=1155"}],"version-history":[{"count":1,"href":"https:\/\/fundacionperiodismo.org\/formaciondualenperiodismo\/wp-json\/wp\/v2\/posts\/1155\/revisions"}],"predecessor-version":[{"id":1156,"href":"https:\/\/fundacionperiodismo.org\/formaciondualenperiodismo\/wp-json\/wp\/v2\/posts\/1155\/revisions\/1156"}],"wp:attachment":[{"href":"https:\/\/fundacionperiodismo.org\/formaciondualenperiodismo\/wp-json\/wp\/v2\/media?parent=1155"}],"wp:term":[{"taxonomy":"category","embeddable":true,"href":"https:\/\/fundacionperiodismo.org\/formaciondualenperiodismo\/wp-json\/wp\/v2\/categories?post=1155"},{"taxonomy":"post_tag","embeddable":true,"href":"https:\/\/fundacionperiodismo.org\/formaciondualenperiodismo\/wp-json\/wp\/v2\/tags?post=1155"}],"curies":[{"name":"wp","href":"https:\/\/api.w.org\/{rel}","templated":true}]}}