{"id":1157,"date":"2019-04-22T17:14:25","date_gmt":"2019-04-22T17:14:25","guid":{"rendered":"https:\/\/fundacionperiodismo.org\/formaciondualenperiodismo\/?p=1157"},"modified":"2019-04-22T17:32:45","modified_gmt":"2019-04-22T17:32:45","slug":"notas-2018-estudio-de-radio","status":"publish","type":"post","link":"https:\/\/fundacionperiodismo.org\/formaciondualenperiodismo\/notas-2018-estudio-de-radio\/","title":{"rendered":"Notas 2018: Estudio de radio"},"content":{"rendered":"<header id=\"post-header\">\n<h1 class=\"post-title left\">Participantes grabaron en estudio de radio<\/h1>\n<\/header>\n<div id=\"post-feat-img\" class=\"left relative\"><img fetchpriority=\"high\" decoding=\"async\" class=\"attachment- size- wp-post-image\" src=\"https:\/\/fundacionperiodismo.org\/wp-content\/uploads\/2018\/07\/2.jpg\" sizes=\"(max-width: 567px) 100vw, 567px\" srcset=\"https:\/\/fundacionperiodismo.org\/wp-content\/uploads\/2018\/07\/2.jpg 567w, https:\/\/fundacionperiodismo.org\/wp-content\/uploads\/2018\/07\/2-300x169.jpg 300w\" alt=\"\" width=\"567\" height=\"319\" \/><\/div>\n<div id=\"content-area\" class=\"post-4352 post type-post status-publish format-standard has-post-thumbnail hentry category-formacion-dual category-z-nota tag-formacion-dual2018 tag-nota\">\n<div class=\"post-cont-out\">\n<div class=\"post-cont-in\">\n<div id=\"content-main\" class=\"left relative\">\n<section class=\"social-sharing-top\">\u00a0\u00bfC\u00f3mo debe ser la radio del futuro? La Fundaci\u00f3n para el Periodismo (FPP) \u00a0con el apoyo de la Deutsche Welle Akademie y la GIZ, desarroll\u00f3 el sexto m\u00f3dulo \u201cPeriodismo Radiof\u00f3nico\u201d del programa Formaci\u00f3n Dual en Periodismo.<\/section>\n<p>17 periodistas de medios de comunicaci\u00f3n participan de la segunda versi\u00f3n de dicha formaci\u00f3n. P\u00e1gina Siete, PAT, ATB, la revista Ox\u00edgeno, Radio Fides, ANF, Abya Yala y la Asociaci\u00f3n de Periodistas de La Paz, Opini\u00f3n de Cochabamba; La Palabra del Beni de Trinidad, El Pa\u00eds y Radio Fides de Tarija; y Correo del Sur de Sucre apostaron por una capacitaci\u00f3n constante.<\/p>\n<p>El taller se llev\u00f3 a cabo del 25 al 30 de junio en instalaciones de la \u201cSala de Redacci\u00f3n\u201d de la FPP y los facilitadores fueron el periodista alem\u00e1n, Oliver Pieper y la boliviana, Marcela Renjel.<\/p>\n<p>En dicho taller se analiz\u00f3 la situaci\u00f3n actual de la radio considerando sus potencialidades, formatos, participaci\u00f3n de la audiencia, \u00e9tica, podcasts, crear im\u00e1genes mentales, estructura y planificaci\u00f3n para implementar la radio digital del futuro.<\/p>\n<p>Cada m\u00f3dulo del programa se desarrolla bajo determinadas tem\u00e1ticas. En esta ocasi\u00f3n se revis\u00f3 salud y g\u00e9nero. Se invit\u00f3 al ex Ministro de Salud, Dr. Guillermo Cuentas, para conocer el estado de la situaci\u00f3n de la salud en Bolivia y a Sandra Aliaga, comunicadora social y especialista en enfoque de g\u00e9nero, para brindar una charla informativa sobre dicha tem\u00e1tica a los participantes.<\/p>\n<p>Los participantes acudieron a un estudio profesional de radio para grabar sus materiales, donde demostraron todas sus habilidades en el lenguaje radiof\u00f3nico, y al final del taller presentaron cuatro productos con los temas del C\u00e1ncer, Consumo de Sal, Aborto y Embarazo Adolescente.<\/p>\n<div id=\"mep_1\" class=\"mejs-container mejs-container-keyboard-inactive wp-audio-shortcode mejs-audio\" tabindex=\"0\" role=\"application\" aria-label=\"Reproductor de audio\">\n<div class=\"mejs-inner\"><\/div>\n<\/div>\n<p><a href=\"http:\/\/fundacionperiodismo.org\/wp-content\/uploads\/2018\/07\/3.jpg\" data-featherlight=\"image\"><img decoding=\"async\" class=\"aligncenter size-full wp-image-4354\" src=\"http:\/\/fundacionperiodismo.org\/wp-content\/uploads\/2018\/07\/3.jpg\" sizes=\"(max-width: 567px) 100vw, 567px\" srcset=\"https:\/\/fundacionperiodismo.org\/wp-content\/uploads\/2018\/07\/3.jpg 567w, https:\/\/fundacionperiodismo.org\/wp-content\/uploads\/2018\/07\/3-300x199.jpg 300w\" alt=\"\" width=\"567\" height=\"377\" \/><\/a><\/p>\n<p><a href=\"http:\/\/fundacionperiodismo.org\/wp-content\/uploads\/2018\/07\/4.jpg\" data-featherlight=\"image\"><img decoding=\"async\" class=\"aligncenter size-full wp-image-4355\" src=\"http:\/\/fundacionperiodismo.org\/wp-content\/uploads\/2018\/07\/4.jpg\" sizes=\"(max-width: 567px) 100vw, 567px\" srcset=\"https:\/\/fundacionperiodismo.org\/wp-content\/uploads\/2018\/07\/4.jpg 567w, https:\/\/fundacionperiodismo.org\/wp-content\/uploads\/2018\/07\/4-300x169.jpg 300w\" alt=\"\" width=\"567\" height=\"319\" \/><\/a><\/p>\n<p>&nbsp;<\/p>\n<\/div>\n<\/div>\n<\/div>\n<\/div>\n","protected":false},"excerpt":{"rendered":"<p>Participantes grabaron en estudio de radio \u00a0\u00bfC\u00f3mo debe ser la radio del futuro? La Fundaci\u00f3n para el Periodismo (FPP) \u00a0con el apoyo de la Deutsche Welle Akademie y la GIZ, desarroll\u00f3 el sexto m\u00f3dulo \u201cPeriodismo Radiof\u00f3nico\u201d del programa Formaci\u00f3n Dual en Periodismo. 17 periodistas de medios de comunicaci\u00f3n participan de la segunda versi\u00f3n de dicha&#8230;<\/p>\n","protected":false},"author":1,"featured_media":0,"comment_status":"closed","ping_status":"closed","sticky":false,"template":"","format":"standard","meta":{"footnotes":""},"categories":[15],"tags":[],"class_list":["post-1157","post","type-post","status-publish","format-standard","hentry","category-notas"],"_links":{"self":[{"href":"https:\/\/fundacionperiodismo.org\/formaciondualenperiodismo\/wp-json\/wp\/v2\/posts\/1157","targetHints":{"allow":["GET"]}}],"collection":[{"href":"https:\/\/fundacionperiodismo.org\/formaciondualenperiodismo\/wp-json\/wp\/v2\/posts"}],"about":[{"href":"https:\/\/fundacionperiodismo.org\/formaciondualenperiodismo\/wp-json\/wp\/v2\/types\/post"}],"author":[{"embeddable":true,"href":"https:\/\/fundacionperiodismo.org\/formaciondualenperiodismo\/wp-json\/wp\/v2\/users\/1"}],"replies":[{"embeddable":true,"href":"https:\/\/fundacionperiodismo.org\/formaciondualenperiodismo\/wp-json\/wp\/v2\/comments?post=1157"}],"version-history":[{"count":1,"href":"https:\/\/fundacionperiodismo.org\/formaciondualenperiodismo\/wp-json\/wp\/v2\/posts\/1157\/revisions"}],"predecessor-version":[{"id":1158,"href":"https:\/\/fundacionperiodismo.org\/formaciondualenperiodismo\/wp-json\/wp\/v2\/posts\/1157\/revisions\/1158"}],"wp:attachment":[{"href":"https:\/\/fundacionperiodismo.org\/formaciondualenperiodismo\/wp-json\/wp\/v2\/media?parent=1157"}],"wp:term":[{"taxonomy":"category","embeddable":true,"href":"https:\/\/fundacionperiodismo.org\/formaciondualenperiodismo\/wp-json\/wp\/v2\/categories?post=1157"},{"taxonomy":"post_tag","embeddable":true,"href":"https:\/\/fundacionperiodismo.org\/formaciondualenperiodismo\/wp-json\/wp\/v2\/tags?post=1157"}],"curies":[{"name":"wp","href":"https:\/\/api.w.org\/{rel}","templated":true}]}}