{"id":1159,"date":"2019-04-22T17:17:43","date_gmt":"2019-04-22T17:17:43","guid":{"rendered":"https:\/\/fundacionperiodismo.org\/formaciondualenperiodismo\/?p=1159"},"modified":"2019-04-22T17:32:03","modified_gmt":"2019-04-22T17:32:03","slug":"notas-2018-television","status":"publish","type":"post","link":"https:\/\/fundacionperiodismo.org\/formaciondualenperiodismo\/notas-2018-television\/","title":{"rendered":"Notas 2018: Television"},"content":{"rendered":"<header id=\"post-header\">\n<h1 class=\"post-title left\">En televisi\u00f3n la imagen manda<\/h1>\n<\/header>\n<div id=\"post-feat-img\" class=\"left relative\"><img fetchpriority=\"high\" decoding=\"async\" class=\"attachment- size- wp-post-image\" src=\"https:\/\/fundacionperiodismo.org\/wp-content\/uploads\/2018\/09\/5-2.jpg\" sizes=\"(max-width: 567px) 100vw, 567px\" srcset=\"https:\/\/fundacionperiodismo.org\/wp-content\/uploads\/2018\/09\/5-2.jpg 567w, https:\/\/fundacionperiodismo.org\/wp-content\/uploads\/2018\/09\/5-2-300x201.jpg 300w\" alt=\"\" width=\"567\" height=\"379\" \/><\/div>\n<div id=\"content-area\" class=\"post-4609 post type-post status-publish format-standard has-post-thumbnail hentry category-formacion-dual category-z-nota tag-formacion-dual2018 tag-nota\">\n<div class=\"post-cont-out\">\n<div class=\"post-cont-in\">\n<div id=\"content-main\" class=\"left relative\">\n<p>\u201cTodos somos jefes de redacci\u00f3n\u201d. Bajo esa premisa se desarroll\u00f3 el octavo m\u00f3dulo \u201cPeriodismo Audiovisual\u201d del programa Formaci\u00f3n Dual en Periodismo en instalaciones de la Fundaci\u00f3n para el Periodismo (FPP).<\/p>\n<p>El m\u00f3dulo se llev\u00f3 a cabo del 20 al 25 de agosto con los facilitadores Andreu Jerez de la Deutsche Welle Akademie, C\u00e9sar del Castillo y Esther Mamani de la FPP. Las tem\u00e1ticas abordadas fueron medio ambiente y cambio clim\u00e1tico.<\/p>\n<p>En el taller se revis\u00f3 los pasos que se deben seguir para elaborar un buen reportaje para televisi\u00f3n i) propuesta (planilla), ii) planificaci\u00f3n\/pre-producci\u00f3n, iii) producci\u00f3n\/ejecuci\u00f3n, iv) edici\u00f3n y postproducci\u00f3n y v) emisi\u00f3n y cr\u00edtica, adem\u00e1s del\u00a0 storytelling, la regla sobre los cinco planos (Five Shots Rule) para rodar y editar secuencias con \u00e9xito, el storyboard, la introducci\u00f3n al texto televisivo (que es diferente al texto del periodismo escrito que no se debe supeditar las im\u00e1genes al texto, sino al rev\u00e9s) y el consejo clave: \u201cno se trabaja con im\u00e1genes de apoyo, sino con texto de apoyo\u201d.<\/p>\n<p>Cada grupo, conformado por cuatro o cinco periodistas, pens\u00f3 y visualiz\u00f3 una propuesta de reportaje. Para que su proyecto pueda ser aprobado, los participantes deb\u00edan explicar a los facilitadores las fuentes utilizadas, los protagonistas, localizaciones de rodaje, desplazamientos, equipos y material, dando cumplimiento a la premisa de \u201cvender la idea al editor\u201d. Si la explicaci\u00f3n era convincente, los facilitadores deban luz verde para continuar con el trabajo.<\/p>\n<p>Al final del taller los participantes presentaron los siguientes productos:<\/p>\n<p><a href=\"https:\/\/drive.google.com\/file\/d\/14DaUFDm92zFzi7OwLk64axwQJgWKGW8p\/view?usp=sharing\">https:\/\/drive.google.com\/file\/d\/14DaUFDm92zFzi7OwLk64axwQJgWKGW8p\/view?usp=sharing<\/a><\/p>\n<p><a href=\"https:\/\/www.youtube.com\/watch?v=xZi6VsFCRFQ&amp;feature=youtu.be\">https:\/\/www.youtube.com\/watch?v=xZi6VsFCRFQ&amp;feature=youtu.be<\/a><\/p>\n<p><a href=\"https:\/\/drive.google.com\/file\/d\/1K0ZETq9bHPFGQRW1OkBA9WiTbXQ-HRTC\/view\">https:\/\/drive.google.com\/file\/d\/1K0ZETq9bHPFGQRW1OkBA9WiTbXQ-HRTC\/view<\/a><\/p>\n<div id=\"attachment_4610\" class=\"wp-caption aligncenter\"><a href=\"http:\/\/fundacionperiodismo.org\/wp-content\/uploads\/2018\/09\/6-2.jpg\" data-featherlight=\"image\"><img decoding=\"async\" class=\"size-full wp-image-4610\" src=\"http:\/\/fundacionperiodismo.org\/wp-content\/uploads\/2018\/09\/6-2.jpg\" sizes=\"(max-width: 567px) 100vw, 567px\" srcset=\"https:\/\/fundacionperiodismo.org\/wp-content\/uploads\/2018\/09\/6-2.jpg 567w, https:\/\/fundacionperiodismo.org\/wp-content\/uploads\/2018\/09\/6-2-300x201.jpg 300w\" alt=\"\" width=\"567\" height=\"379\" \/><\/a><\/p>\n<p class=\"wp-caption-text\">La Paz, 21-08-2018. Taller de Periodismo Audiovisual<\/p>\n<\/div>\n<\/div>\n<\/div>\n<\/div>\n<\/div>\n","protected":false},"excerpt":{"rendered":"<p>En televisi\u00f3n la imagen manda \u201cTodos somos jefes de redacci\u00f3n\u201d. Bajo esa premisa se desarroll\u00f3 el octavo m\u00f3dulo \u201cPeriodismo Audiovisual\u201d del programa Formaci\u00f3n Dual en Periodismo en instalaciones de la Fundaci\u00f3n para el Periodismo (FPP). El m\u00f3dulo se llev\u00f3 a cabo del 20 al 25 de agosto con los facilitadores Andreu Jerez de la Deutsche&#8230;<\/p>\n","protected":false},"author":1,"featured_media":0,"comment_status":"closed","ping_status":"closed","sticky":false,"template":"","format":"standard","meta":{"footnotes":""},"categories":[15],"tags":[],"class_list":["post-1159","post","type-post","status-publish","format-standard","hentry","category-notas"],"_links":{"self":[{"href":"https:\/\/fundacionperiodismo.org\/formaciondualenperiodismo\/wp-json\/wp\/v2\/posts\/1159","targetHints":{"allow":["GET"]}}],"collection":[{"href":"https:\/\/fundacionperiodismo.org\/formaciondualenperiodismo\/wp-json\/wp\/v2\/posts"}],"about":[{"href":"https:\/\/fundacionperiodismo.org\/formaciondualenperiodismo\/wp-json\/wp\/v2\/types\/post"}],"author":[{"embeddable":true,"href":"https:\/\/fundacionperiodismo.org\/formaciondualenperiodismo\/wp-json\/wp\/v2\/users\/1"}],"replies":[{"embeddable":true,"href":"https:\/\/fundacionperiodismo.org\/formaciondualenperiodismo\/wp-json\/wp\/v2\/comments?post=1159"}],"version-history":[{"count":1,"href":"https:\/\/fundacionperiodismo.org\/formaciondualenperiodismo\/wp-json\/wp\/v2\/posts\/1159\/revisions"}],"predecessor-version":[{"id":1160,"href":"https:\/\/fundacionperiodismo.org\/formaciondualenperiodismo\/wp-json\/wp\/v2\/posts\/1159\/revisions\/1160"}],"wp:attachment":[{"href":"https:\/\/fundacionperiodismo.org\/formaciondualenperiodismo\/wp-json\/wp\/v2\/media?parent=1159"}],"wp:term":[{"taxonomy":"category","embeddable":true,"href":"https:\/\/fundacionperiodismo.org\/formaciondualenperiodismo\/wp-json\/wp\/v2\/categories?post=1159"},{"taxonomy":"post_tag","embeddable":true,"href":"https:\/\/fundacionperiodismo.org\/formaciondualenperiodismo\/wp-json\/wp\/v2\/tags?post=1159"}],"curies":[{"name":"wp","href":"https:\/\/api.w.org\/{rel}","templated":true}]}}