{"id":1173,"date":"2019-04-23T16:46:51","date_gmt":"2019-04-23T16:46:51","guid":{"rendered":"https:\/\/fundacionperiodismo.org\/formaciondualenperiodismo\/?page_id=1173"},"modified":"2019-12-27T15:42:00","modified_gmt":"2019-12-27T15:42:00","slug":"participantes-2019","status":"publish","type":"post","link":"https:\/\/fundacionperiodismo.org\/formaciondualenperiodismo\/participantes-2019\/","title":{"rendered":"Participantes 2019"},"content":{"rendered":"\t\t<div data-elementor-type=\"wp-post\" data-elementor-id=\"1173\" class=\"elementor elementor-1173\">\n\t\t\t\t\t\t<section class=\"elementor-section elementor-top-section elementor-element elementor-element-8a01527 elementor-section-boxed elementor-section-height-default elementor-section-height-default\" data-id=\"8a01527\" data-element_type=\"section\">\n\t\t\t\t\t\t<div class=\"elementor-container elementor-column-gap-default\">\n\t\t\t\t\t<div class=\"elementor-column elementor-col-25 elementor-top-column elementor-element elementor-element-cf25453\" data-id=\"cf25453\" data-element_type=\"column\">\n\t\t\t<div class=\"elementor-widget-wrap elementor-element-populated\">\n\t\t\t\t\t\t<div class=\"elementor-element elementor-element-a97a914 elementor-widget elementor-widget-text-editor\" data-id=\"a97a914\" data-element_type=\"widget\" data-widget_type=\"text-editor.default\">\n\t\t\t\t<div class=\"elementor-widget-container\">\n\t\t\t\t\t\t\t\t\t<h3 style=\"text-align: center;\">Aldo Peralta<\/h3><h3 style=\"text-align: center;\">Periodista de P\u00e1gina Siete<\/h3>\t\t\t\t\t\t\t\t<\/div>\n\t\t\t\t<\/div>\n\t\t\t\t<div class=\"elementor-element elementor-element-45aeb47 elementor-widget elementor-widget-image\" data-id=\"45aeb47\" data-element_type=\"widget\" data-widget_type=\"image.default\">\n\t\t\t\t<div class=\"elementor-widget-container\">\n\t\t\t\t\t\t\t\t\t\t\t\t\t\t\t<img fetchpriority=\"high\" decoding=\"async\" width=\"640\" height=\"499\" src=\"https:\/\/fundacionperiodismo.org\/formaciondualenperiodismo\/wp-content\/uploads\/2019\/04\/PARTICIPANTES--1024x798.jpg\" class=\"attachment-large size-large wp-image-1727\" alt=\"\" srcset=\"https:\/\/fundacionperiodismo.org\/formaciondualenperiodismo\/wp-content\/uploads\/2019\/04\/PARTICIPANTES--1024x798.jpg 1024w, https:\/\/fundacionperiodismo.org\/formaciondualenperiodismo\/wp-content\/uploads\/2019\/04\/PARTICIPANTES--300x234.jpg 300w, https:\/\/fundacionperiodismo.org\/formaciondualenperiodismo\/wp-content\/uploads\/2019\/04\/PARTICIPANTES--768x598.jpg 768w\" sizes=\"(max-width: 640px) 100vw, 640px\" \/>\t\t\t\t\t\t\t\t\t\t\t\t\t\t\t<\/div>\n\t\t\t\t<\/div>\n\t\t\t\t\t<\/div>\n\t\t<\/div>\n\t\t\t\t<div class=\"elementor-column elementor-col-25 elementor-top-column elementor-element elementor-element-6819e7b\" data-id=\"6819e7b\" data-element_type=\"column\">\n\t\t\t<div class=\"elementor-widget-wrap elementor-element-populated\">\n\t\t\t\t\t\t<div class=\"elementor-element elementor-element-08973ef elementor-widget elementor-widget-text-editor\" data-id=\"08973ef\" data-element_type=\"widget\" data-widget_type=\"text-editor.default\">\n\t\t\t\t<div class=\"elementor-widget-container\">\n\t\t\t\t\t\t\t\t\t<h3 style=\"text-align: center;\">Wanda Torrico<\/h3><h3 style=\"text-align: center;\">Periodista de P\u00e1gina Siete<\/h3>\t\t\t\t\t\t\t\t<\/div>\n\t\t\t\t<\/div>\n\t\t\t\t<div class=\"elementor-element elementor-element-d05534d elementor-widget elementor-widget-image\" data-id=\"d05534d\" data-element_type=\"widget\" data-widget_type=\"image.default\">\n\t\t\t\t<div class=\"elementor-widget-container\">\n\t\t\t\t\t\t\t\t\t\t\t\t\t\t\t<img decoding=\"async\" width=\"640\" height=\"516\" src=\"https:\/\/fundacionperiodismo.org\/formaciondualenperiodismo\/wp-content\/uploads\/2019\/04\/PARTICIPANTES-8-1024x825.jpg\" class=\"attachment-large size-large wp-image-1728\" alt=\"\" srcset=\"https:\/\/fundacionperiodismo.org\/formaciondualenperiodismo\/wp-content\/uploads\/2019\/04\/PARTICIPANTES-8-1024x825.jpg 1024w, https:\/\/fundacionperiodismo.org\/formaciondualenperiodismo\/wp-content\/uploads\/2019\/04\/PARTICIPANTES-8-300x242.jpg 300w, https:\/\/fundacionperiodismo.org\/formaciondualenperiodismo\/wp-content\/uploads\/2019\/04\/PARTICIPANTES-8-768x619.jpg 768w\" sizes=\"(max-width: 640px) 100vw, 640px\" \/>\t\t\t\t\t\t\t\t\t\t\t\t\t\t\t<\/div>\n\t\t\t\t<\/div>\n\t\t\t\t\t<\/div>\n\t\t<\/div>\n\t\t\t\t<div class=\"elementor-column elementor-col-25 elementor-top-column elementor-element elementor-element-27ec04f\" data-id=\"27ec04f\" data-element_type=\"column\">\n\t\t\t<div class=\"elementor-widget-wrap elementor-element-populated\">\n\t\t\t\t\t\t<div class=\"elementor-element elementor-element-bfe7fec elementor-widget elementor-widget-text-editor\" data-id=\"bfe7fec\" data-element_type=\"widget\" data-widget_type=\"text-editor.default\">\n\t\t\t\t<div class=\"elementor-widget-container\">\n\t\t\t\t\t\t\t\t\t<h3 style=\"text-align: center;\">Andrea Ayoroa<\/h3><h3 style=\"text-align: center;\">Periodista de Erbol<\/h3>\t\t\t\t\t\t\t\t<\/div>\n\t\t\t\t<\/div>\n\t\t\t\t<div class=\"elementor-element elementor-element-4578da2 elementor-widget elementor-widget-image\" data-id=\"4578da2\" data-element_type=\"widget\" data-widget_type=\"image.default\">\n\t\t\t\t<div class=\"elementor-widget-container\">\n\t\t\t\t\t\t\t\t\t\t\t\t\t\t\t<img decoding=\"async\" width=\"640\" height=\"483\" src=\"https:\/\/fundacionperiodismo.org\/formaciondualenperiodismo\/wp-content\/uploads\/2019\/04\/PARTICIPANTES-6-1024x773.jpg\" class=\"attachment-large size-large wp-image-1729\" alt=\"\" srcset=\"https:\/\/fundacionperiodismo.org\/formaciondualenperiodismo\/wp-content\/uploads\/2019\/04\/PARTICIPANTES-6-1024x773.jpg 1024w, https:\/\/fundacionperiodismo.org\/formaciondualenperiodismo\/wp-content\/uploads\/2019\/04\/PARTICIPANTES-6-300x227.jpg 300w, https:\/\/fundacionperiodismo.org\/formaciondualenperiodismo\/wp-content\/uploads\/2019\/04\/PARTICIPANTES-6-768x580.jpg 768w\" sizes=\"(max-width: 640px) 100vw, 640px\" \/>\t\t\t\t\t\t\t\t\t\t\t\t\t\t\t<\/div>\n\t\t\t\t<\/div>\n\t\t\t\t\t<\/div>\n\t\t<\/div>\n\t\t\t\t<div class=\"elementor-column elementor-col-25 elementor-top-column elementor-element elementor-element-111498d\" data-id=\"111498d\" data-element_type=\"column\">\n\t\t\t<div class=\"elementor-widget-wrap elementor-element-populated\">\n\t\t\t\t\t\t<div class=\"elementor-element elementor-element-3cd6764 elementor-widget elementor-widget-text-editor\" data-id=\"3cd6764\" data-element_type=\"widget\" data-widget_type=\"text-editor.default\">\n\t\t\t\t<div class=\"elementor-widget-container\">\n\t\t\t\t\t\t\t\t\t<h3 style=\"text-align: center;\">Marco V\u00e1squez<\/h3><h3 style=\"text-align: center;\">Periodista de Erbol<\/h3>\t\t\t\t\t\t\t\t<\/div>\n\t\t\t\t<\/div>\n\t\t\t\t<div class=\"elementor-element elementor-element-3cfe9eb elementor-widget elementor-widget-image\" data-id=\"3cfe9eb\" data-element_type=\"widget\" data-widget_type=\"image.default\">\n\t\t\t\t<div class=\"elementor-widget-container\">\n\t\t\t\t\t\t\t\t\t\t\t\t\t\t\t<img loading=\"lazy\" decoding=\"async\" width=\"640\" height=\"479\" src=\"https:\/\/fundacionperiodismo.org\/formaciondualenperiodismo\/wp-content\/uploads\/2019\/04\/PARTICIPANTES-1-1024x766.jpg\" class=\"attachment-large size-large wp-image-1730\" alt=\"\" srcset=\"https:\/\/fundacionperiodismo.org\/formaciondualenperiodismo\/wp-content\/uploads\/2019\/04\/PARTICIPANTES-1-1024x766.jpg 1024w, https:\/\/fundacionperiodismo.org\/formaciondualenperiodismo\/wp-content\/uploads\/2019\/04\/PARTICIPANTES-1-300x224.jpg 300w, https:\/\/fundacionperiodismo.org\/formaciondualenperiodismo\/wp-content\/uploads\/2019\/04\/PARTICIPANTES-1-768x574.jpg 768w\" sizes=\"(max-width: 640px) 100vw, 640px\" \/>\t\t\t\t\t\t\t\t\t\t\t\t\t\t\t<\/div>\n\t\t\t\t<\/div>\n\t\t\t\t\t<\/div>\n\t\t<\/div>\n\t\t\t\t\t<\/div>\n\t\t<\/section>\n\t\t\t\t<section class=\"elementor-section elementor-top-section elementor-element elementor-element-a7ae4fa elementor-section-boxed elementor-section-height-default elementor-section-height-default\" data-id=\"a7ae4fa\" data-element_type=\"section\">\n\t\t\t\t\t\t<div class=\"elementor-container elementor-column-gap-default\">\n\t\t\t\t\t<div class=\"elementor-column elementor-col-25 elementor-top-column elementor-element elementor-element-29bfc6b\" data-id=\"29bfc6b\" data-element_type=\"column\">\n\t\t\t<div class=\"elementor-widget-wrap elementor-element-populated\">\n\t\t\t\t\t\t<div class=\"elementor-element elementor-element-f8021f6 elementor-widget elementor-widget-text-editor\" data-id=\"f8021f6\" data-element_type=\"widget\" data-widget_type=\"text-editor.default\">\n\t\t\t\t<div class=\"elementor-widget-container\">\n\t\t\t\t\t\t\t\t\t<h3 style=\"text-align: center;\">Yercia Ma\u00f1uecos <\/h3><h3 style=\"text-align: center;\">Periodista de la APLP<\/h3>\t\t\t\t\t\t\t\t<\/div>\n\t\t\t\t<\/div>\n\t\t\t\t<div class=\"elementor-element elementor-element-65150b7 elementor-widget elementor-widget-image\" data-id=\"65150b7\" data-element_type=\"widget\" data-widget_type=\"image.default\">\n\t\t\t\t<div class=\"elementor-widget-container\">\n\t\t\t\t\t\t\t\t\t\t\t\t\t\t\t<img loading=\"lazy\" decoding=\"async\" width=\"640\" height=\"481\" src=\"https:\/\/fundacionperiodismo.org\/formaciondualenperiodismo\/wp-content\/uploads\/2019\/04\/PARTICIPANTES-10-1024x769.jpg\" class=\"attachment-large size-large wp-image-1731\" alt=\"\" srcset=\"https:\/\/fundacionperiodismo.org\/formaciondualenperiodismo\/wp-content\/uploads\/2019\/04\/PARTICIPANTES-10-1024x769.jpg 1024w, https:\/\/fundacionperiodismo.org\/formaciondualenperiodismo\/wp-content\/uploads\/2019\/04\/PARTICIPANTES-10-300x225.jpg 300w, https:\/\/fundacionperiodismo.org\/formaciondualenperiodismo\/wp-content\/uploads\/2019\/04\/PARTICIPANTES-10-768x577.jpg 768w\" sizes=\"(max-width: 640px) 100vw, 640px\" \/>\t\t\t\t\t\t\t\t\t\t\t\t\t\t\t<\/div>\n\t\t\t\t<\/div>\n\t\t\t\t\t<\/div>\n\t\t<\/div>\n\t\t\t\t<div class=\"elementor-column elementor-col-25 elementor-top-column elementor-element elementor-element-606badb\" data-id=\"606badb\" data-element_type=\"column\">\n\t\t\t<div class=\"elementor-widget-wrap elementor-element-populated\">\n\t\t\t\t\t\t<div class=\"elementor-element elementor-element-3c9a0aa elementor-widget elementor-widget-text-editor\" data-id=\"3c9a0aa\" data-element_type=\"widget\" data-widget_type=\"text-editor.default\">\n\t\t\t\t<div class=\"elementor-widget-container\">\n\t\t\t\t\t\t\t\t\t<h3 style=\"text-align: center;\">Dabeyba Lima<\/h3><h3 style=\"text-align: center;\">Periodista de la APLP<\/h3>\t\t\t\t\t\t\t\t<\/div>\n\t\t\t\t<\/div>\n\t\t\t\t<div class=\"elementor-element elementor-element-4b7ab2a elementor-widget elementor-widget-image\" data-id=\"4b7ab2a\" data-element_type=\"widget\" data-widget_type=\"image.default\">\n\t\t\t\t<div class=\"elementor-widget-container\">\n\t\t\t\t\t\t\t\t\t\t\t\t\t\t\t<img loading=\"lazy\" decoding=\"async\" width=\"640\" height=\"531\" src=\"https:\/\/fundacionperiodismo.org\/formaciondualenperiodismo\/wp-content\/uploads\/2019\/04\/PARTICIPANTES-9-1024x849.jpg\" class=\"attachment-large size-large wp-image-1732\" alt=\"\" srcset=\"https:\/\/fundacionperiodismo.org\/formaciondualenperiodismo\/wp-content\/uploads\/2019\/04\/PARTICIPANTES-9-1024x849.jpg 1024w, https:\/\/fundacionperiodismo.org\/formaciondualenperiodismo\/wp-content\/uploads\/2019\/04\/PARTICIPANTES-9-300x249.jpg 300w, https:\/\/fundacionperiodismo.org\/formaciondualenperiodismo\/wp-content\/uploads\/2019\/04\/PARTICIPANTES-9-768x637.jpg 768w\" sizes=\"(max-width: 640px) 100vw, 640px\" \/>\t\t\t\t\t\t\t\t\t\t\t\t\t\t\t<\/div>\n\t\t\t\t<\/div>\n\t\t\t\t\t<\/div>\n\t\t<\/div>\n\t\t\t\t<div class=\"elementor-column elementor-col-25 elementor-top-column elementor-element elementor-element-9be5e88\" data-id=\"9be5e88\" data-element_type=\"column\">\n\t\t\t<div class=\"elementor-widget-wrap elementor-element-populated\">\n\t\t\t\t\t\t<div class=\"elementor-element elementor-element-6c8a138 elementor-widget elementor-widget-text-editor\" data-id=\"6c8a138\" data-element_type=\"widget\" data-widget_type=\"text-editor.default\">\n\t\t\t\t<div class=\"elementor-widget-container\">\n\t\t\t\t\t\t\t\t\t<h3 style=\"text-align: center;\">Paola Cadiz <\/h3><h3 style=\"text-align: center;\">Periodista de ATB<\/h3>\t\t\t\t\t\t\t\t<\/div>\n\t\t\t\t<\/div>\n\t\t\t\t<div class=\"elementor-element elementor-element-c388dfc elementor-widget elementor-widget-image\" data-id=\"c388dfc\" data-element_type=\"widget\" data-widget_type=\"image.default\">\n\t\t\t\t<div class=\"elementor-widget-container\">\n\t\t\t\t\t\t\t\t\t\t\t\t\t\t\t<img loading=\"lazy\" decoding=\"async\" width=\"640\" height=\"502\" src=\"https:\/\/fundacionperiodismo.org\/formaciondualenperiodismo\/wp-content\/uploads\/2019\/04\/PARTICIPANTES-5-1024x803.jpg\" class=\"attachment-large size-large wp-image-1733\" alt=\"\" srcset=\"https:\/\/fundacionperiodismo.org\/formaciondualenperiodismo\/wp-content\/uploads\/2019\/04\/PARTICIPANTES-5-1024x803.jpg 1024w, https:\/\/fundacionperiodismo.org\/formaciondualenperiodismo\/wp-content\/uploads\/2019\/04\/PARTICIPANTES-5-300x235.jpg 300w, https:\/\/fundacionperiodismo.org\/formaciondualenperiodismo\/wp-content\/uploads\/2019\/04\/PARTICIPANTES-5-768x602.jpg 768w\" sizes=\"(max-width: 640px) 100vw, 640px\" \/>\t\t\t\t\t\t\t\t\t\t\t\t\t\t\t<\/div>\n\t\t\t\t<\/div>\n\t\t\t\t\t<\/div>\n\t\t<\/div>\n\t\t\t\t<div class=\"elementor-column elementor-col-25 elementor-top-column elementor-element elementor-element-9768e4e\" data-id=\"9768e4e\" data-element_type=\"column\">\n\t\t\t<div class=\"elementor-widget-wrap elementor-element-populated\">\n\t\t\t\t\t\t<div class=\"elementor-element elementor-element-f3fe819 elementor-widget elementor-widget-text-editor\" data-id=\"f3fe819\" data-element_type=\"widget\" data-widget_type=\"text-editor.default\">\n\t\t\t\t<div class=\"elementor-widget-container\">\n\t\t\t\t\t\t\t\t\t<h3 style=\"text-align: center;\">Y\u00e1skara M\u00e9ndoza <\/h3><h3 style=\"text-align: center;\">Periodista de ATB Digital<\/h3>\t\t\t\t\t\t\t\t<\/div>\n\t\t\t\t<\/div>\n\t\t\t\t<div class=\"elementor-element elementor-element-c783423 elementor-widget elementor-widget-image\" data-id=\"c783423\" data-element_type=\"widget\" data-widget_type=\"image.default\">\n\t\t\t\t<div class=\"elementor-widget-container\">\n\t\t\t\t\t\t\t\t\t\t\t\t\t\t\t<img loading=\"lazy\" decoding=\"async\" width=\"640\" height=\"488\" src=\"https:\/\/fundacionperiodismo.org\/formaciondualenperiodismo\/wp-content\/uploads\/2019\/04\/PARTICIPANTES-4-1024x780.jpg\" class=\"attachment-large size-large wp-image-1734\" alt=\"\" srcset=\"https:\/\/fundacionperiodismo.org\/formaciondualenperiodismo\/wp-content\/uploads\/2019\/04\/PARTICIPANTES-4-1024x780.jpg 1024w, https:\/\/fundacionperiodismo.org\/formaciondualenperiodismo\/wp-content\/uploads\/2019\/04\/PARTICIPANTES-4-300x229.jpg 300w, https:\/\/fundacionperiodismo.org\/formaciondualenperiodismo\/wp-content\/uploads\/2019\/04\/PARTICIPANTES-4-768x585.jpg 768w\" sizes=\"(max-width: 640px) 100vw, 640px\" \/>\t\t\t\t\t\t\t\t\t\t\t\t\t\t\t<\/div>\n\t\t\t\t<\/div>\n\t\t\t\t\t<\/div>\n\t\t<\/div>\n\t\t\t\t\t<\/div>\n\t\t<\/section>\n\t\t\t\t<section class=\"elementor-section elementor-top-section elementor-element elementor-element-3aea03f elementor-section-boxed elementor-section-height-default elementor-section-height-default\" data-id=\"3aea03f\" data-element_type=\"section\">\n\t\t\t\t\t\t<div class=\"elementor-container elementor-column-gap-default\">\n\t\t\t\t\t<div class=\"elementor-column elementor-col-25 elementor-top-column elementor-element elementor-element-885895f\" data-id=\"885895f\" data-element_type=\"column\">\n\t\t\t<div class=\"elementor-widget-wrap elementor-element-populated\">\n\t\t\t\t\t\t<div class=\"elementor-element elementor-element-443a6d2 elementor-widget elementor-widget-text-editor\" data-id=\"443a6d2\" data-element_type=\"widget\" data-widget_type=\"text-editor.default\">\n\t\t\t\t<div class=\"elementor-widget-container\">\n\t\t\t\t\t\t\t\t\t<h3 style=\"text-align: center;\">\u00c1lvaro Sotomayor <\/h3><h3 style=\"text-align: center;\">Periodista de Correo de Sur <\/h3>\t\t\t\t\t\t\t\t<\/div>\n\t\t\t\t<\/div>\n\t\t\t\t<div class=\"elementor-element elementor-element-3273c0d elementor-widget elementor-widget-image\" data-id=\"3273c0d\" data-element_type=\"widget\" data-widget_type=\"image.default\">\n\t\t\t\t<div class=\"elementor-widget-container\">\n\t\t\t\t\t\t\t\t\t\t\t\t\t\t\t<img loading=\"lazy\" decoding=\"async\" width=\"640\" height=\"360\" src=\"https:\/\/fundacionperiodismo.org\/formaciondualenperiodismo\/wp-content\/uploads\/2019\/04\/20190228_114332-1024x576.jpg\" class=\"attachment-large size-large wp-image-1735\" alt=\"\" srcset=\"https:\/\/fundacionperiodismo.org\/formaciondualenperiodismo\/wp-content\/uploads\/2019\/04\/20190228_114332-1024x576.jpg 1024w, https:\/\/fundacionperiodismo.org\/formaciondualenperiodismo\/wp-content\/uploads\/2019\/04\/20190228_114332-300x169.jpg 300w, https:\/\/fundacionperiodismo.org\/formaciondualenperiodismo\/wp-content\/uploads\/2019\/04\/20190228_114332-768x432.jpg 768w\" sizes=\"(max-width: 640px) 100vw, 640px\" \/>\t\t\t\t\t\t\t\t\t\t\t\t\t\t\t<\/div>\n\t\t\t\t<\/div>\n\t\t\t\t\t<\/div>\n\t\t<\/div>\n\t\t\t\t<div class=\"elementor-column elementor-col-25 elementor-top-column elementor-element elementor-element-bb40d34\" data-id=\"bb40d34\" data-element_type=\"column\">\n\t\t\t<div class=\"elementor-widget-wrap elementor-element-populated\">\n\t\t\t\t\t\t<div class=\"elementor-element elementor-element-e697b5a elementor-widget elementor-widget-text-editor\" data-id=\"e697b5a\" data-element_type=\"widget\" data-widget_type=\"text-editor.default\">\n\t\t\t\t<div class=\"elementor-widget-container\">\n\t\t\t\t\t\t\t\t\t<h3 style=\"text-align: center;\">Lorena Amurrio<\/h3><h3 style=\"text-align: center;\">Periodista de Los Tiempos<\/h3>\t\t\t\t\t\t\t\t<\/div>\n\t\t\t\t<\/div>\n\t\t\t\t<div class=\"elementor-element elementor-element-b2e5184 elementor-widget elementor-widget-image\" data-id=\"b2e5184\" data-element_type=\"widget\" data-widget_type=\"image.default\">\n\t\t\t\t<div class=\"elementor-widget-container\">\n\t\t\t\t\t\t\t\t\t\t\t\t\t\t\t<img loading=\"lazy\" decoding=\"async\" width=\"640\" height=\"490\" src=\"https:\/\/fundacionperiodismo.org\/formaciondualenperiodismo\/wp-content\/uploads\/2019\/04\/PARTICIPANTES-11-1024x784.jpg\" class=\"attachment-large size-large wp-image-1736\" alt=\"\" srcset=\"https:\/\/fundacionperiodismo.org\/formaciondualenperiodismo\/wp-content\/uploads\/2019\/04\/PARTICIPANTES-11-1024x784.jpg 1024w, https:\/\/fundacionperiodismo.org\/formaciondualenperiodismo\/wp-content\/uploads\/2019\/04\/PARTICIPANTES-11-300x230.jpg 300w, https:\/\/fundacionperiodismo.org\/formaciondualenperiodismo\/wp-content\/uploads\/2019\/04\/PARTICIPANTES-11-768x588.jpg 768w\" sizes=\"(max-width: 640px) 100vw, 640px\" \/>\t\t\t\t\t\t\t\t\t\t\t\t\t\t\t<\/div>\n\t\t\t\t<\/div>\n\t\t\t\t\t<\/div>\n\t\t<\/div>\n\t\t\t\t<div class=\"elementor-column elementor-col-25 elementor-top-column elementor-element elementor-element-28257a9\" data-id=\"28257a9\" data-element_type=\"column\">\n\t\t\t<div class=\"elementor-widget-wrap elementor-element-populated\">\n\t\t\t\t\t\t<div class=\"elementor-element elementor-element-3cb4ce2 elementor-widget elementor-widget-text-editor\" data-id=\"3cb4ce2\" data-element_type=\"widget\" data-widget_type=\"text-editor.default\">\n\t\t\t\t<div class=\"elementor-widget-container\">\n\t\t\t\t\t\t\t\t\t<h3 style=\"text-align: center;\">Mar\u00eda Luz Vaca<\/h3><h3 style=\"text-align: center;\">Periodista de Abya Yala<\/h3>\t\t\t\t\t\t\t\t<\/div>\n\t\t\t\t<\/div>\n\t\t\t\t<div class=\"elementor-element elementor-element-55b9c9c elementor-widget elementor-widget-image\" data-id=\"55b9c9c\" data-element_type=\"widget\" data-widget_type=\"image.default\">\n\t\t\t\t<div class=\"elementor-widget-container\">\n\t\t\t\t\t\t\t\t\t\t\t\t\t\t\t<img loading=\"lazy\" decoding=\"async\" width=\"640\" height=\"496\" src=\"https:\/\/fundacionperiodismo.org\/formaciondualenperiodismo\/wp-content\/uploads\/2019\/04\/PARTICIPANTES-3-1024x794.jpg\" class=\"attachment-large size-large wp-image-1737\" alt=\"\" srcset=\"https:\/\/fundacionperiodismo.org\/formaciondualenperiodismo\/wp-content\/uploads\/2019\/04\/PARTICIPANTES-3-1024x794.jpg 1024w, https:\/\/fundacionperiodismo.org\/formaciondualenperiodismo\/wp-content\/uploads\/2019\/04\/PARTICIPANTES-3-300x233.jpg 300w, https:\/\/fundacionperiodismo.org\/formaciondualenperiodismo\/wp-content\/uploads\/2019\/04\/PARTICIPANTES-3-768x595.jpg 768w\" sizes=\"(max-width: 640px) 100vw, 640px\" \/>\t\t\t\t\t\t\t\t\t\t\t\t\t\t\t<\/div>\n\t\t\t\t<\/div>\n\t\t\t\t\t<\/div>\n\t\t<\/div>\n\t\t\t\t<div class=\"elementor-column elementor-col-25 elementor-top-column elementor-element elementor-element-8f115d0\" data-id=\"8f115d0\" data-element_type=\"column\">\n\t\t\t<div class=\"elementor-widget-wrap elementor-element-populated\">\n\t\t\t\t\t\t<div class=\"elementor-element elementor-element-0831976 elementor-widget elementor-widget-text-editor\" data-id=\"0831976\" data-element_type=\"widget\" data-widget_type=\"text-editor.default\">\n\t\t\t\t<div class=\"elementor-widget-container\">\n\t\t\t\t\t\t\t\t\t<h3 style=\"text-align: center;\">Roger Morales <\/h3><h3 style=\"text-align: center;\">Periodista de ANF<\/h3>\t\t\t\t\t\t\t\t<\/div>\n\t\t\t\t<\/div>\n\t\t\t\t<div class=\"elementor-element elementor-element-098dcf7 elementor-widget elementor-widget-image\" data-id=\"098dcf7\" data-element_type=\"widget\" data-widget_type=\"image.default\">\n\t\t\t\t<div class=\"elementor-widget-container\">\n\t\t\t\t\t\t\t\t\t\t\t\t\t\t\t<img loading=\"lazy\" decoding=\"async\" width=\"640\" height=\"518\" src=\"https:\/\/fundacionperiodismo.org\/formaciondualenperiodismo\/wp-content\/uploads\/2019\/04\/PARTICIPANTES-2-1024x828.jpg\" class=\"attachment-large size-large wp-image-1738\" alt=\"\" srcset=\"https:\/\/fundacionperiodismo.org\/formaciondualenperiodismo\/wp-content\/uploads\/2019\/04\/PARTICIPANTES-2-1024x828.jpg 1024w, https:\/\/fundacionperiodismo.org\/formaciondualenperiodismo\/wp-content\/uploads\/2019\/04\/PARTICIPANTES-2-300x243.jpg 300w, https:\/\/fundacionperiodismo.org\/formaciondualenperiodismo\/wp-content\/uploads\/2019\/04\/PARTICIPANTES-2-768x621.jpg 768w\" sizes=\"(max-width: 640px) 100vw, 640px\" \/>\t\t\t\t\t\t\t\t\t\t\t\t\t\t\t<\/div>\n\t\t\t\t<\/div>\n\t\t\t\t\t<\/div>\n\t\t<\/div>\n\t\t\t\t\t<\/div>\n\t\t<\/section>\n\t\t\t\t<section class=\"elementor-section elementor-top-section elementor-element elementor-element-4e40d44 elementor-section-boxed elementor-section-height-default elementor-section-height-default\" data-id=\"4e40d44\" data-element_type=\"section\">\n\t\t\t\t\t\t<div class=\"elementor-container elementor-column-gap-default\">\n\t\t\t\t\t<div class=\"elementor-column elementor-col-25 elementor-top-column elementor-element elementor-element-2db3bd6\" data-id=\"2db3bd6\" data-element_type=\"column\">\n\t\t\t<div class=\"elementor-widget-wrap elementor-element-populated\">\n\t\t\t\t\t\t<div class=\"elementor-element elementor-element-06ad27d elementor-widget elementor-widget-text-editor\" data-id=\"06ad27d\" data-element_type=\"widget\" data-widget_type=\"text-editor.default\">\n\t\t\t\t<div class=\"elementor-widget-container\">\n\t\t\t\t\t\t\t\t\t<h3 style=\"text-align: center;\">Tania Frank <\/h3><h3 style=\"text-align: center;\">Periodista de la Fundaci\u00f3n para el Periodismo<\/h3>\t\t\t\t\t\t\t\t<\/div>\n\t\t\t\t<\/div>\n\t\t\t\t<div class=\"elementor-element elementor-element-6066b0e elementor-widget elementor-widget-image\" data-id=\"6066b0e\" data-element_type=\"widget\" data-widget_type=\"image.default\">\n\t\t\t\t<div class=\"elementor-widget-container\">\n\t\t\t\t\t\t\t\t\t\t\t\t\t\t\t<img loading=\"lazy\" decoding=\"async\" width=\"640\" height=\"360\" src=\"https:\/\/fundacionperiodismo.org\/formaciondualenperiodismo\/wp-content\/uploads\/2019\/04\/foto-14-1024x576.jpg\" class=\"attachment-large size-large wp-image-1739\" alt=\"\" srcset=\"https:\/\/fundacionperiodismo.org\/formaciondualenperiodismo\/wp-content\/uploads\/2019\/04\/foto-14-1024x576.jpg 1024w, https:\/\/fundacionperiodismo.org\/formaciondualenperiodismo\/wp-content\/uploads\/2019\/04\/foto-14-300x169.jpg 300w, https:\/\/fundacionperiodismo.org\/formaciondualenperiodismo\/wp-content\/uploads\/2019\/04\/foto-14-768x432.jpg 768w\" sizes=\"(max-width: 640px) 100vw, 640px\" \/>\t\t\t\t\t\t\t\t\t\t\t\t\t\t\t<\/div>\n\t\t\t\t<\/div>\n\t\t\t\t\t<\/div>\n\t\t<\/div>\n\t\t\t\t<div class=\"elementor-column elementor-col-25 elementor-top-column elementor-element elementor-element-f51667e\" data-id=\"f51667e\" data-element_type=\"column\">\n\t\t\t<div class=\"elementor-widget-wrap\">\n\t\t\t\t\t\t\t<\/div>\n\t\t<\/div>\n\t\t\t\t<div class=\"elementor-column elementor-col-25 elementor-top-column elementor-element elementor-element-1539ebd\" data-id=\"1539ebd\" data-element_type=\"column\">\n\t\t\t<div class=\"elementor-widget-wrap\">\n\t\t\t\t\t\t\t<\/div>\n\t\t<\/div>\n\t\t\t\t<div class=\"elementor-column elementor-col-25 elementor-top-column elementor-element elementor-element-1534e95\" data-id=\"1534e95\" data-element_type=\"column\">\n\t\t\t<div class=\"elementor-widget-wrap\">\n\t\t\t\t\t\t\t<\/div>\n\t\t<\/div>\n\t\t\t\t\t<\/div>\n\t\t<\/section>\n\t\t\t\t<section class=\"elementor-section elementor-top-section elementor-element elementor-element-a1dbc48 elementor-section-boxed elementor-section-height-default elementor-section-height-default\" data-id=\"a1dbc48\" data-element_type=\"section\">\n\t\t\t\t\t\t<div class=\"elementor-container elementor-column-gap-default\">\n\t\t\t\t\t<div class=\"elementor-column elementor-col-100 elementor-top-column elementor-element elementor-element-d08539e\" data-id=\"d08539e\" data-element_type=\"column\">\n\t\t\t<div class=\"elementor-widget-wrap elementor-element-populated\">\n\t\t\t\t\t\t<div class=\"elementor-element elementor-element-fc5a5c3 elementor-widget elementor-widget-image\" data-id=\"fc5a5c3\" data-element_type=\"widget\" data-widget_type=\"image.default\">\n\t\t\t\t<div class=\"elementor-widget-container\">\n\t\t\t\t\t\t\t\t\t\t\t\t\t\t\t<img loading=\"lazy\" decoding=\"async\" width=\"640\" height=\"399\" src=\"https:\/\/fundacionperiodismo.org\/formaciondualenperiodismo\/wp-content\/uploads\/2019\/04\/FORMACION-DUAL-1-1024x639.jpg\" class=\"attachment-large size-large wp-image-1720\" alt=\"\" srcset=\"https:\/\/fundacionperiodismo.org\/formaciondualenperiodismo\/wp-content\/uploads\/2019\/04\/FORMACION-DUAL-1-1024x639.jpg 1024w, https:\/\/fundacionperiodismo.org\/formaciondualenperiodismo\/wp-content\/uploads\/2019\/04\/FORMACION-DUAL-1-300x187.jpg 300w, https:\/\/fundacionperiodismo.org\/formaciondualenperiodismo\/wp-content\/uploads\/2019\/04\/FORMACION-DUAL-1-768x479.jpg 768w\" sizes=\"(max-width: 640px) 100vw, 640px\" \/>\t\t\t\t\t\t\t\t\t\t\t\t\t\t\t<\/div>\n\t\t\t\t<\/div>\n\t\t\t\t\t<\/div>\n\t\t<\/div>\n\t\t\t\t\t<\/div>\n\t\t<\/section>\n\t\t\t\t<section class=\"elementor-section elementor-top-section elementor-element elementor-element-3f9ffad elementor-section-boxed elementor-section-height-default elementor-section-height-default\" data-id=\"3f9ffad\" data-element_type=\"section\">\n\t\t\t\t\t\t<div class=\"elementor-container elementor-column-gap-default\">\n\t\t\t\t\t<div class=\"elementor-column elementor-col-100 elementor-top-column elementor-element elementor-element-22a0179\" data-id=\"22a0179\" data-element_type=\"column\">\n\t\t\t<div class=\"elementor-widget-wrap elementor-element-populated\">\n\t\t\t\t\t\t<div class=\"elementor-element elementor-element-6061e9c elementor-widget elementor-widget-image\" data-id=\"6061e9c\" data-element_type=\"widget\" data-widget_type=\"image.default\">\n\t\t\t\t<div class=\"elementor-widget-container\">\n\t\t\t\t\t\t\t\t\t\t\t\t\t\t\t<img loading=\"lazy\" decoding=\"async\" width=\"640\" height=\"427\" src=\"https:\/\/fundacionperiodismo.org\/formaciondualenperiodismo\/wp-content\/uploads\/2019\/04\/FPP4781-1024x683.jpg\" class=\"attachment-large size-large wp-image-1721\" alt=\"\" srcset=\"https:\/\/fundacionperiodismo.org\/formaciondualenperiodismo\/wp-content\/uploads\/2019\/04\/FPP4781-1024x683.jpg 1024w, https:\/\/fundacionperiodismo.org\/formaciondualenperiodismo\/wp-content\/uploads\/2019\/04\/FPP4781-300x200.jpg 300w, https:\/\/fundacionperiodismo.org\/formaciondualenperiodismo\/wp-content\/uploads\/2019\/04\/FPP4781-768x512.jpg 768w, https:\/\/fundacionperiodismo.org\/formaciondualenperiodismo\/wp-content\/uploads\/2019\/04\/FPP4781-600x400.jpg 600w, https:\/\/fundacionperiodismo.org\/formaciondualenperiodismo\/wp-content\/uploads\/2019\/04\/FPP4781-272x182.jpg 272w\" sizes=\"(max-width: 640px) 100vw, 640px\" \/>\t\t\t\t\t\t\t\t\t\t\t\t\t\t\t<\/div>\n\t\t\t\t<\/div>\n\t\t\t\t\t<\/div>\n\t\t<\/div>\n\t\t\t\t\t<\/div>\n\t\t<\/section>\n\t\t\t\t<section class=\"elementor-section elementor-top-section elementor-element elementor-element-807ddc8 elementor-section-boxed elementor-section-height-default elementor-section-height-default\" data-id=\"807ddc8\" data-element_type=\"section\">\n\t\t\t\t\t\t<div class=\"elementor-container elementor-column-gap-default\">\n\t\t\t\t\t<div class=\"elementor-column elementor-col-100 elementor-top-column elementor-element elementor-element-4dd9b46\" data-id=\"4dd9b46\" data-element_type=\"column\">\n\t\t\t<div class=\"elementor-widget-wrap elementor-element-populated\">\n\t\t\t\t\t\t<div class=\"elementor-element elementor-element-78ac742 elementor-widget elementor-widget-image\" data-id=\"78ac742\" data-element_type=\"widget\" data-widget_type=\"image.default\">\n\t\t\t\t<div class=\"elementor-widget-container\">\n\t\t\t\t\t\t\t\t\t\t\t\t\t\t\t<img loading=\"lazy\" decoding=\"async\" width=\"640\" height=\"427\" src=\"https:\/\/fundacionperiodismo.org\/formaciondualenperiodismo\/wp-content\/uploads\/2019\/04\/FPP4750-1024x683.jpg\" class=\"attachment-large size-large wp-image-1722\" alt=\"\" srcset=\"https:\/\/fundacionperiodismo.org\/formaciondualenperiodismo\/wp-content\/uploads\/2019\/04\/FPP4750-1024x683.jpg 1024w, https:\/\/fundacionperiodismo.org\/formaciondualenperiodismo\/wp-content\/uploads\/2019\/04\/FPP4750-300x200.jpg 300w, https:\/\/fundacionperiodismo.org\/formaciondualenperiodismo\/wp-content\/uploads\/2019\/04\/FPP4750-768x512.jpg 768w, https:\/\/fundacionperiodismo.org\/formaciondualenperiodismo\/wp-content\/uploads\/2019\/04\/FPP4750-600x400.jpg 600w, https:\/\/fundacionperiodismo.org\/formaciondualenperiodismo\/wp-content\/uploads\/2019\/04\/FPP4750-272x182.jpg 272w\" sizes=\"(max-width: 640px) 100vw, 640px\" \/>\t\t\t\t\t\t\t\t\t\t\t\t\t\t\t<\/div>\n\t\t\t\t<\/div>\n\t\t\t\t\t<\/div>\n\t\t<\/div>\n\t\t\t\t\t<\/div>\n\t\t<\/section>\n\t\t\t\t<\/div>\n\t\t","protected":false},"excerpt":{"rendered":"<p>Aldo Peralta Periodista de P\u00e1gina Siete Wanda Torrico Periodista de P\u00e1gina Siete Andrea Ayoroa Periodista de Erbol Marco V\u00e1squez Periodista de Erbol Yercia Ma\u00f1uecos Periodista de la APLP Dabeyba Lima Periodista de la APLP Paola Cadiz Periodista de ATB Y\u00e1skara M\u00e9ndoza Periodista de ATB Digital \u00c1lvaro Sotomayor Periodista de Correo de Sur Lorena Amurrio Periodista&#8230;<\/p>\n","protected":false},"author":1,"featured_media":0,"comment_status":"closed","ping_status":"closed","sticky":false,"template":"","format":"standard","meta":{"footnotes":""},"categories":[8],"tags":[],"class_list":["post-1173","post","type-post","status-publish","format-standard","hentry","category-8"],"_links":{"self":[{"href":"https:\/\/fundacionperiodismo.org\/formaciondualenperiodismo\/wp-json\/wp\/v2\/posts\/1173","targetHints":{"allow":["GET"]}}],"collection":[{"href":"https:\/\/fundacionperiodismo.org\/formaciondualenperiodismo\/wp-json\/wp\/v2\/posts"}],"about":[{"href":"https:\/\/fundacionperiodismo.org\/formaciondualenperiodismo\/wp-json\/wp\/v2\/types\/post"}],"author":[{"embeddable":true,"href":"https:\/\/fundacionperiodismo.org\/formaciondualenperiodismo\/wp-json\/wp\/v2\/users\/1"}],"replies":[{"embeddable":true,"href":"https:\/\/fundacionperiodismo.org\/formaciondualenperiodismo\/wp-json\/wp\/v2\/comments?post=1173"}],"version-history":[{"count":5,"href":"https:\/\/fundacionperiodismo.org\/formaciondualenperiodismo\/wp-json\/wp\/v2\/posts\/1173\/revisions"}],"predecessor-version":[{"id":1741,"href":"https:\/\/fundacionperiodismo.org\/formaciondualenperiodismo\/wp-json\/wp\/v2\/posts\/1173\/revisions\/1741"}],"wp:attachment":[{"href":"https:\/\/fundacionperiodismo.org\/formaciondualenperiodismo\/wp-json\/wp\/v2\/media?parent=1173"}],"wp:term":[{"taxonomy":"category","embeddable":true,"href":"https:\/\/fundacionperiodismo.org\/formaciondualenperiodismo\/wp-json\/wp\/v2\/categories?post=1173"},{"taxonomy":"post_tag","embeddable":true,"href":"https:\/\/fundacionperiodismo.org\/formaciondualenperiodismo\/wp-json\/wp\/v2\/tags?post=1173"}],"curies":[{"name":"wp","href":"https:\/\/api.w.org\/{rel}","templated":true}]}}