{"id":120,"date":"2019-04-01T20:03:01","date_gmt":"2019-04-01T20:03:01","guid":{"rendered":"https:\/\/fundacionperiodismo.org\/formaciondualenperiodismo\/?p=120"},"modified":"2019-11-15T20:04:48","modified_gmt":"2019-11-15T20:04:48","slug":"convocatoria","status":"publish","type":"post","link":"https:\/\/fundacionperiodismo.org\/formaciondualenperiodismo\/convocatoria\/","title":{"rendered":"Convocatoria 2018"},"content":{"rendered":"<p><span style=\"font-size: 16px;\">La Fundaci\u00f3n para el Periodismo convoca a periodistas en ejercicio y a egresados de carreras universitarias a participar en el\u00a0<strong>Curso de Formaci\u00f3n Dual en Periodismo <\/strong>que impulsa con el apoyo y asesoramiento t\u00e9cnico de la Deutsche Welle\u00a0 Akademie\u00a0 y la Gesellschaft f\u00fcr Internationale Zusammenarbeit GmBH (GIZ) de la Rep\u00fablica Federal de Alemania y bajo el liderazgo del Ministerio de Comunicaci\u00f3n del Estado Plurinacional de Bolivia.<\/span><\/p>\n<p><span style=\"font-size: 16px;\"><strong><u>\u00bfQu\u00e9 es la Formaci\u00f3n Dual?<\/u><\/strong><\/span><\/p>\n<p><span style=\"font-size: 16px;\">La formaci\u00f3n dual es una combinaci\u00f3n de ense\u00f1anza pr\u00e1ctica, te\u00f3rica y reflexiva que tiene como objetivo integrar y potenciar los conocimientos con habilidades pr\u00e1cticas para un mejor y m\u00e1s efectivo ejercicio de la profesi\u00f3n.\u00a0 En la formaci\u00f3n dual, las pr\u00e1cticas est\u00e1n orientadas, desde el inicio, a la generaci\u00f3n de productos de alta calidad para el medio de comunicaci\u00f3n.<\/span><\/p>\n<p><span style=\"font-size: 16px;\"><strong><u>Caracter\u00edsticas del programa<\/u><\/strong><\/span><\/p>\n<p><span style=\"font-size: 16px;\">El programa se desarrollar\u00e1 en diez m\u00f3dulos y\u00a0en un a\u00f1o de duraci\u00f3n. Arrancar\u00e1 el lunes 29 de enero de 2018 y concluir\u00e1 el 19 de noviembre de\u00a02018. Los m\u00f3dulos combinan teor\u00eda y pr\u00e1ctica, es decir, un tiempo en aula y otro en un medio de comunicaci\u00f3n.<\/span><\/p>\n<p><span style=\"font-size: 16px;\">Cada postulante ser\u00e1 destinado a un medio de comunicaci\u00f3n para integrarse al equipo de redacci\u00f3n u otro en el que realizar\u00e1 un trabajo acad\u00e9mico bajo el asesoramiento de tutores especialmente capacitados.<\/span><\/p>\n<p><span style=\"font-size: 16px;\">El programa culmina con la entrega de certificado de\u00a0<strong>PERIODISTA MULTIMEDIA<\/strong>, otorgado por la Fundaci\u00f3n para el Periodismo y la DW Akademie, documento que certifica las capacidades adquiridas por el participante.<\/span><\/p>\n<p><span style=\"font-size: 16px;\">El programa prev\u00e9 la participaci\u00f3n a\u00a0<strong>tiempo completo<\/strong>\u00a0de los participantes, incluyendo los d\u00edas s\u00e1bados.<\/span><\/p>\n<p><span style=\"font-size: 16px;\"><strong><u>Perfil de ingreso<\/u><\/strong><\/span><\/p>\n<ul>\n<li><span style=\"font-size: 16px;\">Egresado o titulados en Comunicaci\u00f3n Social u otras \u00e1reas de las Ciencias Sociales con o sin experiencia laboral y que tengan el inter\u00e9s en convertirse en periodistas<\/span><\/li>\n<li><span style=\"font-size: 16px;\">Periodistas en ejercicio con un m\u00e1ximo de dos a\u00f1os de experiencia laboral.<\/span><\/li>\n<\/ul>\n<p><span style=\"font-size: 16px;\"><strong><u>Perfil de egreso<\/u><\/strong><\/span><\/p>\n<p><span style=\"font-size: 16px;\">Periodista que gestiona informaci\u00f3n y narra historias con criterios \u00e9ticos (responsabilidad, pluralidad y veracidad); con solvencia en el manejo de tecnolog\u00eda digital que le permita generar productos crossmedia. Su trabajo se orienta por un fuerte compromiso con la sociedad y la democracia.<\/span><\/p>\n<p><span style=\"font-size: 16px;\"><strong><u>Plazas<\/u><\/strong><\/span><\/p>\n<p><span style=\"font-size: 16px;\">El\u00a0Programa de Formaci\u00f3n Dual en Periodismo cuenta con\u00a018 plazas.<\/span><\/p>\n<p><span style=\"font-size: 16px;\"><strong><u>Requisitos<\/u><\/strong><\/span><\/p>\n<p><span style=\"font-size: 16px;\">Los aspirantes deber\u00e1n presentar los siguientes documentos:<\/span><\/p>\n<p><span style=\"font-size: 16px;\"><u>En general<\/u>:<\/span><\/p>\n<ul>\n<li><span style=\"font-size: 16px;\">Carta de postulaci\u00f3n al curso explicando sus motivaciones y comprometi\u00e9ndose a concluir el curso.<\/span><\/li>\n<li><span style=\"font-size: 16px;\">Copia de la publicaci\u00f3n de al menos cinco notas period\u00edsticas.<\/span><\/li>\n<li><span style=\"font-size: 16px;\">Hoja de vida con fotocopias de la documentaci\u00f3n de respaldo.<\/span><\/li>\n<li><span style=\"font-size: 16px;\">Fotocopia de carnet de identidad.<\/span><\/li>\n<\/ul>\n<p><span style=\"font-size: 16px;\"><u>Periodistas en ejercicio<\/u>:<\/span><\/p>\n<ul>\n<li><span style=\"font-size: 16px;\">Portafolio de principales trabajos period\u00edsticos publicados.<\/span><\/li>\n<li><span style=\"font-size: 16px;\">Certificado del medio donde prest\u00f3 o presta sus servicios.<\/span><\/li>\n<\/ul>\n<p><span style=\"font-size: 16px;\"><u>Estudiantes universitarios<\/u>:<\/span><\/p>\n<ul>\n<li><span style=\"font-size: 16px;\">Certificado de egreso.<\/span><\/li>\n<li><span style=\"font-size: 16px;\">Fotocopia del certificado de calificaciones<\/span><\/li>\n<\/ul>\n<p><span style=\"font-size: 16px;\">Los postulantes preseleccionados ser\u00e1n entrevistados por la comisi\u00f3n seleccionadora.<\/span><\/p>\n<p><span style=\"font-size: 16px;\"><strong><u>Costos<\/u><\/strong><\/span><\/p>\n<p><span style=\"font-size: 16px;\">El programa tiene los siguientes costos:<\/span><\/p>\n<table width=\"77%\">\n<tbody>\n<tr>\n<td width=\"12%\"><span style=\"font-size: 16px;\"><strong>a)<\/strong><\/span><\/td>\n<td width=\"20%\"><span style=\"font-size: 16px;\">Colegiatura<\/span><\/td>\n<td width=\"66%\"><span style=\"font-size: 16px;\">Bs. 600 participante de La Paz x m\u00f3dulo<\/span><\/p>\n<p><span style=\"font-size: 16px;\">Bs. 600 participante del interior x modulo<\/span><\/td>\n<\/tr>\n<tr>\n<td width=\"12%\"><span style=\"font-size: 16px;\"><strong>b)<\/strong><\/span><\/td>\n<td width=\"20%\"><span style=\"font-size: 16px;\">Certificaci\u00f3n<\/span><\/td>\n<td width=\"66%\"><span style=\"font-size: 16px;\">Bs. 700<\/span><\/td>\n<\/tr>\n<tr>\n<td width=\"12%\"><span style=\"font-size: 16px;\"><strong>c)<\/strong><\/span><\/td>\n<td width=\"20%\"><span style=\"font-size: 16px;\">Total<\/span><\/td>\n<td width=\"66%\"><span style=\"font-size: 16px;\">Bs. 6.700 participante de La Paz<\/span><\/p>\n<p><span style=\"font-size: 16px;\">Bs. 6.700 participante del interior<\/span><\/td>\n<\/tr>\n<\/tbody>\n<\/table>\n<p><span style=\"font-size: 16px;\">El programa incluye que, durante los talleres, los participantes recibir\u00e1n materiales de estudio, equipos, almuerzos y refrigerios de forma gratuita.<\/span><\/p>\n<p><span style=\"font-size: 16px;\"><strong><u>Becas de apoyo<\/u><\/strong><\/span><\/p>\n<p><span style=\"font-size: 16px;\">Los 18 participantes seleccionados recibir\u00e1n una beca consistente en una asignaci\u00f3n monetaria mensual. El monto se acordar\u00e1 entre el medio y el periodista, que se har\u00e1 efectiva durante todo el curso (10 meses) para el pago de transporte y vi\u00e1ticos.<\/span><\/p>\n<p><span style=\"font-size: 16px;\">La asignaci\u00f3n monetaria no se har\u00e1 efectiva en caso de que el\/la participante trabaje en un medio de comunicaci\u00f3n.<\/span><\/p>\n<p><span style=\"font-size: 16px;\">La beca no exime al participante de cancelar los montos destinados a la colegiatura y certificaci\u00f3n.<\/span><\/p>\n<p><span style=\"font-size: 16px;\"><strong><u>Selecci\u00f3n<\/u><\/strong><\/span><\/p>\n<p><span style=\"font-size: 16px;\">Una comisi\u00f3n formada por representantes de las instituciones responsables del curso ser\u00e1 la encargada de seleccionar a los 18 participantes.<\/span><\/p>\n<p><span style=\"font-size: 16px;\"><strong><u>Fecha l\u00edmite de postulaci\u00f3n<\/u><\/strong><\/span><\/p>\n<p><span style=\"font-size: 16px;\">19 de enero de 2018<\/span><\/p>\n<p><span style=\"font-size: 16px;\"><strong>Solicitud de informaci\u00f3n<\/strong><\/span><\/p>\n<p><span style=\"font-size: 16px;\">Carlos Portugal Rodr\u00edguez<\/span><\/p>\n<p><span style=\"font-size: 16px;\">72054907<\/span><\/p>\n<p><span style=\"font-size: 16px;\"><a href=\"mailto:carlosportugal@fundacionperiodismo.org\">carlosportugal@fundacionperiodismo.org<\/a><\/span><\/p>\n<p><span style=\"font-size: 16px;\"><strong>Las postulaciones deben ser entregadas f\u00edsicamente o electr\u00f3nicamente en:<\/strong><\/span><\/p>\n<p><span style=\"font-size: 16px;\"><strong>Fundaci\u00f3n para el Periodismo\u00a0<\/strong><\/span><br \/>\n<span style=\"font-size: 16px;\">Calle Miguel de Cervantes N\u00ba 2770 (entre Vincenti y M\u00e9ndez Arcos). Sopocachi<\/span><br \/>\n<span style=\"font-size: 16px;\">Tel\u00e9fono: 2414687<\/span><br \/>\n<span style=\"font-size: 16px;\">Correo: info@fundacionperiodismo.org<\/span><br \/>\n<span style=\"font-size: 16px;\"><u>La Paz \u2013 Bolivia<\/u><\/span><\/p>\n<p><span style=\"font-size: 16px;\">La Paz, enero de 2018<\/span><\/p>\n","protected":false},"excerpt":{"rendered":"<p>La Fundaci\u00f3n para el Periodismo convoca a periodistas en ejercicio y a egresados de carreras universitarias a participar en el\u00a0Curso de Formaci\u00f3n Dual en Periodismo que impulsa con el apoyo y asesoramiento t\u00e9cnico de la Deutsche Welle\u00a0 Akademie\u00a0 y la Gesellschaft f\u00fcr Internationale Zusammenarbeit GmBH (GIZ) de la Rep\u00fablica Federal de Alemania y bajo el&#8230;<\/p>\n","protected":false},"author":1,"featured_media":0,"comment_status":"closed","ping_status":"closed","sticky":false,"template":"","format":"standard","meta":{"footnotes":""},"categories":[7],"tags":[],"class_list":["post-120","post","type-post","status-publish","format-standard","hentry","category-7"],"_links":{"self":[{"href":"https:\/\/fundacionperiodismo.org\/formaciondualenperiodismo\/wp-json\/wp\/v2\/posts\/120","targetHints":{"allow":["GET"]}}],"collection":[{"href":"https:\/\/fundacionperiodismo.org\/formaciondualenperiodismo\/wp-json\/wp\/v2\/posts"}],"about":[{"href":"https:\/\/fundacionperiodismo.org\/formaciondualenperiodismo\/wp-json\/wp\/v2\/types\/post"}],"author":[{"embeddable":true,"href":"https:\/\/fundacionperiodismo.org\/formaciondualenperiodismo\/wp-json\/wp\/v2\/users\/1"}],"replies":[{"embeddable":true,"href":"https:\/\/fundacionperiodismo.org\/formaciondualenperiodismo\/wp-json\/wp\/v2\/comments?post=120"}],"version-history":[{"count":5,"href":"https:\/\/fundacionperiodismo.org\/formaciondualenperiodismo\/wp-json\/wp\/v2\/posts\/120\/revisions"}],"predecessor-version":[{"id":1554,"href":"https:\/\/fundacionperiodismo.org\/formaciondualenperiodismo\/wp-json\/wp\/v2\/posts\/120\/revisions\/1554"}],"wp:attachment":[{"href":"https:\/\/fundacionperiodismo.org\/formaciondualenperiodismo\/wp-json\/wp\/v2\/media?parent=120"}],"wp:term":[{"taxonomy":"category","embeddable":true,"href":"https:\/\/fundacionperiodismo.org\/formaciondualenperiodismo\/wp-json\/wp\/v2\/categories?post=120"},{"taxonomy":"post_tag","embeddable":true,"href":"https:\/\/fundacionperiodismo.org\/formaciondualenperiodismo\/wp-json\/wp\/v2\/tags?post=120"}],"curies":[{"name":"wp","href":"https:\/\/api.w.org\/{rel}","templated":true}]}}