{"id":1202,"date":"2019-04-23T18:31:08","date_gmt":"2019-04-23T18:31:08","guid":{"rendered":"https:\/\/fundacionperiodismo.org\/formaciondualenperiodismo\/?page_id=1202"},"modified":"2019-12-27T15:52:53","modified_gmt":"2019-12-27T15:52:53","slug":"curricula-2019","status":"publish","type":"post","link":"https:\/\/fundacionperiodismo.org\/formaciondualenperiodismo\/curricula-2019\/","title":{"rendered":"Curr\u00edcula 2019"},"content":{"rendered":"<p><strong>M\u00d3DULO UNO: ELEMENTOS B\u00c1SICOS DEL PERIODISMO (redacci\u00f3n period\u00edstica y periodismo digital) <\/strong><\/p>\n<p><strong>Competencias<\/strong><\/p>\n<p>Reconocer los elementos de una noticia y redactarla &#8211; de forma sencilla para que el p\u00fablico la entienda &#8211; siguiendo diferentes esquemas y formatos hasta su adecuaci\u00f3n al modelo del periodismo digital, usando las tecnolog\u00edas de la informaci\u00f3n y comunicaci\u00f3n en especial la tecnolog\u00eda multimedia y las redes sociales, para entender y aplicar las tendencias del periodismo moderno.<\/p>\n<p><strong>Tem\u00e1tica<\/strong><\/p>\n<p>Derechos Humanos y Libertad de Expresi\u00f3n.<\/p>\n<p><strong>M\u00d3DULO DOS: STORYTELLING. Nuevas narrativas en el periodismo (G\u00e9neros period\u00edsticos)<\/strong><\/p>\n<p><strong>Competencias<\/strong><\/p>\n<p>Identificar y comprender los g\u00e9neros period\u00edsticos estableciendo diferencias con el Storytelling para contar una historia real, en cualquier formato, ya sea escrito, verbal o audiovisual, de manera atractiva logrando que los destinatarios la entiendan y se sientan conectados emocionalmente.<\/p>\n<p><strong>Tem\u00e1tica <\/strong><\/p>\n<p>Justicia, discriminaci\u00f3n, pueblos ind\u00edgenas e interculturalidad.<\/p>\n<p><strong>M\u00d3DULO TRES: PERIODISMO ESPECIALIZADO (Generaci\u00f3n de contenidos econ\u00f3micos y pol\u00edticos en el periodismo) <\/strong><\/p>\n<p><strong>\u00a0<\/strong><strong>Competencias<\/strong><\/p>\n<p>Redactar el texto de una noticia para el \u00e1rea pol\u00edtica identificando la noticia y sus fuentes correctamente, analizando la informaci\u00f3n, empleando el lenguaje de manera correcta (gram\u00e1tica, sintaxis etc.) y el principio de parte\/contraparte para obtener un producto period\u00edstico de calidad.<\/p>\n<p>Hacer comprensible el hecho, los datos y las estad\u00edsticas (los n\u00fameros) en el texto de una noticia en econom\u00eda y finanzas, interpretando y visibilizando esta informaci\u00f3n, realizando paralelismos con los ODS, empleando el dise\u00f1o gr\u00e1fico y la diagramaci\u00f3n\/edici\u00f3n, contribuyendo as\u00ed a forjar su propia credibilidad con los usuarios.<\/p>\n<p><strong>Tem\u00e1tica <\/strong><\/p>\n<p>ODS<\/p>\n<p><strong>M\u00d3DULO CUATRO: PERIODISMO DE INVESTIGACI\u00d3N <\/strong><\/p>\n<p><strong>Competencias<\/strong><\/p>\n<p>Aplicar t\u00e9cnicas investigativas y de sistematizaci\u00f3n de informaci\u00f3n, con \u00e9nfasis en el m\u00e9todo, para producir una nota especial, encontrando los elementos noticiosos que hacen interesante, atractivo e importante el reportaje.<\/p>\n<p><strong>Tem\u00e1tica<\/strong><\/p>\n<p>G\u00e9nero.<\/p>\n<p><strong>M\u00d3DULO CINCO: PERIODISMO DE DATOS <\/strong><\/p>\n<p><strong>Competencia<\/strong><\/p>\n<p>Estructura, limpia y optimiza bases de datos para poder analizarlos e interpretarlos con claridad. Presenta un reportaje basado en periodismo de datos.<\/p>\n<p><strong>Tem\u00e1tica <\/strong><br \/>\nEducaci\u00f3n.<\/p>\n<p><strong>M\u00d3DULO SEIS: PERIODISMO RADIOF\u00d3NICO <\/strong><\/p>\n<p><strong>Competencia<\/strong><\/p>\n<p>Realizar una revista radiof\u00f3nica en el \u00e1rea de la salud, con uso preciso del lenguaje radiof\u00f3nico (palabra, silencio, m\u00fasica y efectos), usando t\u00e9cnicas de argumentaci\u00f3n, moderaci\u00f3n y debate.<\/p>\n<p><strong>Tem\u00e1tica <\/strong><\/p>\n<p>Salud.<\/p>\n<p><strong>M\u00d3DULO SIETE: FOTOPERIODISMO <\/strong><\/p>\n<p><strong>Competencia<\/strong><\/p>\n<p>Producir un foto reportaje creativo y cr\u00edtico, equilibrado, no polarizador, en el \u00e1rea de deportes, aplicando teor\u00eda de la imagen y narrativas visuales.<\/p>\n<p><strong>Tem\u00e1tica <\/strong><\/p>\n<p>Deportes.<\/p>\n<p><strong>M\u00d3DULO OCHO: VIDEOREPORTAJE <\/strong><\/p>\n<p><strong>Competencias<\/strong><\/p>\n<p>Producir (investigar, guionizar, grabar y editar) un video reportaje con base en un guion estructurado, con uso preciso del lenguaje audiovisual (planos, secuencia narrativa), aplicando la teor\u00eda de la imagen, usando un lenguaje sencillo y coloquial, enfocando en temas del medio ambiente y cambio clim\u00e1tico (informaci\u00f3n sobre los ODS), trabajando en equipo, siendo emp\u00e1tico con todas las partes y comprometido con la sociedad y el desarrollo sostenible.<\/p>\n<p><strong>Tem\u00e1tica<\/strong><\/p>\n<p>Cambio clim\u00e1tico y medio ambiente.<\/p>\n<p><strong>M\u00d3DULO NUEVE: PERIODISMO M\u00d3VIL <\/strong><\/p>\n<p><strong>Competencias<\/strong><\/p>\n<p>Utilizar la tecnolog\u00eda m\u00f3vil y aplicaciones espec\u00edficas para elaborar productos period\u00edsticos de coyuntura. (Audio, fotograf\u00eda, video, transmisi\u00f3n en directo\u2026).<\/p>\n<p><strong>Tem\u00e1tica<\/strong><\/p>\n<p>Cultura de Paz y periodismo ciudadano.<\/p>\n<p><strong>M\u00d3DULO DIEZ: PREPARACI\u00d3N Y PRESENTACI\u00d3N DE UN PROYECTO PERIOD\u00cdSTICO <\/strong><\/p>\n<p><strong>Competencia<\/strong><\/p>\n<p>Elaborar un producto estrat\u00e9gico e innovador, empleando g\u00e9neros y formatos period\u00edsticos de manera creativa.<\/p>\n<p><strong>Tem\u00e1tica<\/strong><\/p>\n<p>A definir en grupo.<\/p>\n","protected":false},"excerpt":{"rendered":"<p>M\u00d3DULO UNO: ELEMENTOS B\u00c1SICOS DEL PERIODISMO (redacci\u00f3n period\u00edstica y periodismo digital) Competencias Reconocer los elementos de una noticia y redactarla &#8211; de forma sencilla para que el p\u00fablico la entienda &#8211; siguiendo diferentes esquemas y formatos hasta su adecuaci\u00f3n al modelo del periodismo digital, usando las tecnolog\u00edas de la informaci\u00f3n y comunicaci\u00f3n en especial la&#8230;<\/p>\n","protected":false},"author":1,"featured_media":0,"comment_status":"closed","ping_status":"closed","sticky":false,"template":"","format":"standard","meta":{"footnotes":""},"categories":[8],"tags":[],"class_list":["post-1202","post","type-post","status-publish","format-standard","hentry","category-8"],"_links":{"self":[{"href":"https:\/\/fundacionperiodismo.org\/formaciondualenperiodismo\/wp-json\/wp\/v2\/posts\/1202","targetHints":{"allow":["GET"]}}],"collection":[{"href":"https:\/\/fundacionperiodismo.org\/formaciondualenperiodismo\/wp-json\/wp\/v2\/posts"}],"about":[{"href":"https:\/\/fundacionperiodismo.org\/formaciondualenperiodismo\/wp-json\/wp\/v2\/types\/post"}],"author":[{"embeddable":true,"href":"https:\/\/fundacionperiodismo.org\/formaciondualenperiodismo\/wp-json\/wp\/v2\/users\/1"}],"replies":[{"embeddable":true,"href":"https:\/\/fundacionperiodismo.org\/formaciondualenperiodismo\/wp-json\/wp\/v2\/comments?post=1202"}],"version-history":[{"count":5,"href":"https:\/\/fundacionperiodismo.org\/formaciondualenperiodismo\/wp-json\/wp\/v2\/posts\/1202\/revisions"}],"predecessor-version":[{"id":1713,"href":"https:\/\/fundacionperiodismo.org\/formaciondualenperiodismo\/wp-json\/wp\/v2\/posts\/1202\/revisions\/1713"}],"wp:attachment":[{"href":"https:\/\/fundacionperiodismo.org\/formaciondualenperiodismo\/wp-json\/wp\/v2\/media?parent=1202"}],"wp:term":[{"taxonomy":"category","embeddable":true,"href":"https:\/\/fundacionperiodismo.org\/formaciondualenperiodismo\/wp-json\/wp\/v2\/categories?post=1202"},{"taxonomy":"post_tag","embeddable":true,"href":"https:\/\/fundacionperiodismo.org\/formaciondualenperiodismo\/wp-json\/wp\/v2\/tags?post=1202"}],"curies":[{"name":"wp","href":"https:\/\/api.w.org\/{rel}","templated":true}]}}