{"id":1211,"date":"2019-04-23T18:38:45","date_gmt":"2019-04-23T18:38:45","guid":{"rendered":"https:\/\/fundacionperiodismo.org\/formaciondualenperiodismo\/?page_id=1211"},"modified":"2019-12-27T15:16:41","modified_gmt":"2019-12-27T15:16:41","slug":"entrevistas-a-participantes-2014","status":"publish","type":"post","link":"https:\/\/fundacionperiodismo.org\/formaciondualenperiodismo\/entrevistas-a-participantes-2014\/","title":{"rendered":"Entrevistas a participantes 2014"},"content":{"rendered":"\t\t<div data-elementor-type=\"wp-post\" data-elementor-id=\"1211\" class=\"elementor elementor-1211\">\n\t\t\t\t\t\t<section class=\"elementor-section elementor-top-section elementor-element elementor-element-1ba6548 elementor-section-boxed elementor-section-height-default elementor-section-height-default\" data-id=\"1ba6548\" data-element_type=\"section\">\n\t\t\t\t\t\t<div class=\"elementor-container elementor-column-gap-default\">\n\t\t\t\t\t<div class=\"elementor-column elementor-col-100 elementor-top-column elementor-element elementor-element-e323c0c\" data-id=\"e323c0c\" data-element_type=\"column\">\n\t\t\t<div class=\"elementor-widget-wrap elementor-element-populated\">\n\t\t\t\t\t\t<div class=\"elementor-element elementor-element-0aeed06 elementor-grid-eael-col-4 elementor-grid-tablet-eael-col-2 elementor-grid-mobile-eael-col-1 elementor-widget elementor-widget-eael-post-grid\" data-id=\"0aeed06\" data-element_type=\"widget\" data-settings=\"{&quot;eael_post_grid_columns&quot;:&quot;eael-col-4&quot;,&quot;eael_post_grid_columns_tablet&quot;:&quot;eael-col-2&quot;,&quot;eael_post_grid_columns_mobile&quot;:&quot;eael-col-1&quot;}\" data-widget_type=\"eael-post-grid.default\">\n\t\t\t\t<div class=\"elementor-widget-container\">\n\t\t\t\t\t<div id=\"eael-post-grid-0aeed06\" class=\"eael-post-grid-container\">\n            <div class=\"eael-post-grid eael-post-appender eael-post-appender-0aeed06 eael-post-grid-style-one\" data-layout-mode=\"masonry\"><article class=\"eael-grid-post eael-post-grid-column\" data-id=\"1035\">\n        <div class=\"eael-grid-post-holder\">\n            <div class=\"eael-grid-post-holder-inner\"><div class=\"eael-entry-media\"><div class=\"eael-entry-overlay fade-in\"><i class=\"fas fa-long-arrow-alt-right\" aria-hidden=\"true\"><\/i><a href=\"https:\/\/fundacionperiodismo.org\/formaciondualenperiodismo\/entrevista-a-esther-mamani\/\"><\/a><\/div><div class=\"eael-entry-thumbnail \">\n                <img fetchpriority=\"high\" decoding=\"async\" width=\"320\" height=\"224\" src=\"https:\/\/fundacionperiodismo.org\/formaciondualenperiodismo\/wp-content\/uploads\/2019\/04\/ester-mamani-320x224.jpg\" class=\"attachment-vmagazine-small-thumb size-vmagazine-small-thumb wp-image-1324\" alt=\"\" srcset=\"https:\/\/fundacionperiodismo.org\/formaciondualenperiodismo\/wp-content\/uploads\/2019\/04\/ester-mamani-320x224.jpg 320w, https:\/\/fundacionperiodismo.org\/formaciondualenperiodismo\/wp-content\/uploads\/2019\/04\/ester-mamani-100x70.jpg 100w\" sizes=\"(max-width: 320px) 100vw, 320px\" \/>\n            <\/div>\n        <\/div><div class=\"eael-entry-wrapper\"><header class=\"eael-entry-header\"><h2 class=\"eael-entry-title\"><a class=\"eael-grid-post-link\" href=\"https:\/\/fundacionperiodismo.org\/formaciondualenperiodismo\/entrevista-a-esther-mamani\/\" title=\"Entrevista a Esther Mamani\">Entrevista a Esther Mamani<\/a><\/h2><\/header><div class=\"eael-entry-content\">\n                        <div class=\"eael-grid-post-excerpt\"><p>Esther Mamani: \u00a0\u201cLa Formaci\u00f3n Dual ha cambiado mis expectativas\u201d Esther...<\/p><a href=\"https:\/\/fundacionperiodismo.org\/formaciondualenperiodismo\/entrevista-a-esther-mamani\/\" class=\"eael-post-elements-readmore-btn\">Leer<\/a><\/div>\n                    <\/div><\/div><\/div>\n        <\/div>\n    <\/article><article class=\"eael-grid-post eael-post-grid-column\" data-id=\"1033\">\n        <div class=\"eael-grid-post-holder\">\n            <div class=\"eael-grid-post-holder-inner\"><div class=\"eael-entry-media\"><div class=\"eael-entry-overlay fade-in\"><i class=\"fas fa-long-arrow-alt-right\" aria-hidden=\"true\"><\/i><a href=\"https:\/\/fundacionperiodismo.org\/formaciondualenperiodismo\/entrevista-a-rodolfo-huallpa\/\"><\/a><\/div><div class=\"eael-entry-thumbnail \">\n                <img decoding=\"async\" width=\"320\" height=\"224\" src=\"https:\/\/fundacionperiodismo.org\/formaciondualenperiodismo\/wp-content\/uploads\/2019\/04\/rodolfo-huallpa-320x224.jpg\" class=\"attachment-vmagazine-small-thumb size-vmagazine-small-thumb wp-image-1266\" alt=\"\" srcset=\"https:\/\/fundacionperiodismo.org\/formaciondualenperiodismo\/wp-content\/uploads\/2019\/04\/rodolfo-huallpa-320x224.jpg 320w, https:\/\/fundacionperiodismo.org\/formaciondualenperiodismo\/wp-content\/uploads\/2019\/04\/rodolfo-huallpa-100x70.jpg 100w\" sizes=\"(max-width: 320px) 100vw, 320px\" \/>\n            <\/div>\n        <\/div><div class=\"eael-entry-wrapper\"><header class=\"eael-entry-header\"><h2 class=\"eael-entry-title\"><a class=\"eael-grid-post-link\" href=\"https:\/\/fundacionperiodismo.org\/formaciondualenperiodismo\/entrevista-a-rodolfo-huallpa\/\" title=\"Entrevista a Rodolfo Huallpa\">Entrevista a Rodolfo Huallpa<\/a><\/h2><\/header><div class=\"eael-entry-content\">\n                        <div class=\"eael-grid-post-excerpt\"><p>\u201cNO CREO QUE HAY UN CURSO SIMILAR EN TODA BOLIVIA\u201d...<\/p><a href=\"https:\/\/fundacionperiodismo.org\/formaciondualenperiodismo\/entrevista-a-rodolfo-huallpa\/\" class=\"eael-post-elements-readmore-btn\">Leer<\/a><\/div>\n                    <\/div><\/div><\/div>\n        <\/div>\n    <\/article><article class=\"eael-grid-post eael-post-grid-column\" data-id=\"1031\">\n        <div class=\"eael-grid-post-holder\">\n            <div class=\"eael-grid-post-holder-inner\"><div class=\"eael-entry-media\"><div class=\"eael-entry-overlay fade-in\"><i class=\"fas fa-long-arrow-alt-right\" aria-hidden=\"true\"><\/i><a href=\"https:\/\/fundacionperiodismo.org\/formaciondualenperiodismo\/entrevista-a-angel-lozano\/\"><\/a><\/div><div class=\"eael-entry-thumbnail \">\n                <img decoding=\"async\" width=\"300\" height=\"224\" src=\"https:\/\/fundacionperiodismo.org\/formaciondualenperiodismo\/wp-content\/uploads\/2019\/04\/\u00c1ngel-Lozano-300x300-300x224.jpg\" class=\"attachment-vmagazine-small-thumb size-vmagazine-small-thumb wp-image-1264\" alt=\"\" \/>\n            <\/div>\n        <\/div><div class=\"eael-entry-wrapper\"><header class=\"eael-entry-header\"><h2 class=\"eael-entry-title\"><a class=\"eael-grid-post-link\" href=\"https:\/\/fundacionperiodismo.org\/formaciondualenperiodismo\/entrevista-a-angel-lozano\/\" title=\"Entrevista a \u00c1ngel Lozano\">Entrevista a \u00c1ngel Lozano<\/a><\/h2><\/header><div class=\"eael-entry-content\">\n                        <div class=\"eael-grid-post-excerpt\"><p>\u00c1NGEL LOZANO:\u00a0 \u201cLLEGAMOS A TENER UNA VISI\u00d3N DIFERENTE DEL PERIODISMO\u201d...<\/p><a href=\"https:\/\/fundacionperiodismo.org\/formaciondualenperiodismo\/entrevista-a-angel-lozano\/\" class=\"eael-post-elements-readmore-btn\">Leer<\/a><\/div>\n                    <\/div><\/div><\/div>\n        <\/div>\n    <\/article><article class=\"eael-grid-post eael-post-grid-column\" data-id=\"1029\">\n        <div class=\"eael-grid-post-holder\">\n            <div class=\"eael-grid-post-holder-inner\"><div class=\"eael-entry-media\"><div class=\"eael-entry-overlay fade-in\"><i class=\"fas fa-long-arrow-alt-right\" aria-hidden=\"true\"><\/i><a href=\"https:\/\/fundacionperiodismo.org\/formaciondualenperiodismo\/entrevista-a-cesar-sanchez\/\"><\/a><\/div><div class=\"eael-entry-thumbnail \">\n                <img loading=\"lazy\" decoding=\"async\" width=\"320\" height=\"224\" src=\"https:\/\/fundacionperiodismo.org\/formaciondualenperiodismo\/wp-content\/uploads\/2019\/04\/cesar-sanchez-320x224.jpg\" class=\"attachment-vmagazine-small-thumb size-vmagazine-small-thumb wp-image-1265\" alt=\"\" srcset=\"https:\/\/fundacionperiodismo.org\/formaciondualenperiodismo\/wp-content\/uploads\/2019\/04\/cesar-sanchez-320x224.jpg 320w, https:\/\/fundacionperiodismo.org\/formaciondualenperiodismo\/wp-content\/uploads\/2019\/04\/cesar-sanchez-100x70.jpg 100w\" sizes=\"(max-width: 320px) 100vw, 320px\" \/>\n            <\/div>\n        <\/div><div class=\"eael-entry-wrapper\"><header class=\"eael-entry-header\"><h2 class=\"eael-entry-title\"><a class=\"eael-grid-post-link\" href=\"https:\/\/fundacionperiodismo.org\/formaciondualenperiodismo\/entrevista-a-cesar-sanchez\/\" title=\"Entrevista a C\u00e9sar S\u00e1nchez\">Entrevista a C\u00e9sar S\u00e1nchez<\/a><\/h2><\/header><div class=\"eael-entry-content\">\n                        <div class=\"eael-grid-post-excerpt\"><p>C\u00c9SAR S\u00c1NCHEZ: \u201cLA FORMACI\u00d3N DUAL FUE MUCHO M\u00c1S FRUCT\u00cdFERA QUE...<\/p><a href=\"https:\/\/fundacionperiodismo.org\/formaciondualenperiodismo\/entrevista-a-cesar-sanchez\/\" class=\"eael-post-elements-readmore-btn\">Leer<\/a><\/div>\n                    <\/div><\/div><\/div>\n        <\/div>\n    <\/article><\/div>\n            <div class=\"clearfix\"><\/div>\n        <\/div>\t\t\t\t<\/div>\n\t\t\t\t<\/div>\n\t\t\t\t\t<\/div>\n\t\t<\/div>\n\t\t\t\t\t<\/div>\n\t\t<\/section>\n\t\t\t\t<\/div>\n\t\t","protected":false},"excerpt":{"rendered":"<p>Entrevista a Esther Mamani Esther Mamani: \u00a0\u201cLa Formaci\u00f3n Dual ha cambiado mis expectativas\u201d Esther&#8230; Leer Entrevista a Rodolfo Huallpa \u201cNO CREO QUE HAY UN CURSO SIMILAR EN TODA BOLIVIA\u201d&#8230; Leer Entrevista a \u00c1ngel Lozano \u00c1NGEL LOZANO:\u00a0 \u201cLLEGAMOS A TENER UNA VISI\u00d3N DIFERENTE DEL PERIODISMO\u201d&#8230; Leer Entrevista a C\u00e9sar S\u00e1nchez C\u00c9SAR S\u00c1NCHEZ: \u201cLA FORMACI\u00d3N DUAL FUE&#8230;<\/p>\n","protected":false},"author":1,"featured_media":0,"comment_status":"closed","ping_status":"closed","sticky":false,"template":"","format":"standard","meta":{"footnotes":""},"categories":[14],"tags":[],"class_list":["post-1211","post","type-post","status-publish","format-standard","hentry","category-14"],"_links":{"self":[{"href":"https:\/\/fundacionperiodismo.org\/formaciondualenperiodismo\/wp-json\/wp\/v2\/posts\/1211","targetHints":{"allow":["GET"]}}],"collection":[{"href":"https:\/\/fundacionperiodismo.org\/formaciondualenperiodismo\/wp-json\/wp\/v2\/posts"}],"about":[{"href":"https:\/\/fundacionperiodismo.org\/formaciondualenperiodismo\/wp-json\/wp\/v2\/types\/post"}],"author":[{"embeddable":true,"href":"https:\/\/fundacionperiodismo.org\/formaciondualenperiodismo\/wp-json\/wp\/v2\/users\/1"}],"replies":[{"embeddable":true,"href":"https:\/\/fundacionperiodismo.org\/formaciondualenperiodismo\/wp-json\/wp\/v2\/comments?post=1211"}],"version-history":[{"count":5,"href":"https:\/\/fundacionperiodismo.org\/formaciondualenperiodismo\/wp-json\/wp\/v2\/posts\/1211\/revisions"}],"predecessor-version":[{"id":1488,"href":"https:\/\/fundacionperiodismo.org\/formaciondualenperiodismo\/wp-json\/wp\/v2\/posts\/1211\/revisions\/1488"}],"wp:attachment":[{"href":"https:\/\/fundacionperiodismo.org\/formaciondualenperiodismo\/wp-json\/wp\/v2\/media?parent=1211"}],"wp:term":[{"taxonomy":"category","embeddable":true,"href":"https:\/\/fundacionperiodismo.org\/formaciondualenperiodismo\/wp-json\/wp\/v2\/categories?post=1211"},{"taxonomy":"post_tag","embeddable":true,"href":"https:\/\/fundacionperiodismo.org\/formaciondualenperiodismo\/wp-json\/wp\/v2\/tags?post=1211"}],"curies":[{"name":"wp","href":"https:\/\/api.w.org\/{rel}","templated":true}]}}