{"id":13,"date":"2019-03-14T15:57:18","date_gmt":"2019-03-14T15:57:18","guid":{"rendered":"https:\/\/fundacionperiodismo.org\/formaciondualenperiodismo\/?page_id=13"},"modified":"2019-12-27T14:04:10","modified_gmt":"2019-12-27T14:04:10","slug":"convocatoria-2014","status":"publish","type":"post","link":"https:\/\/fundacionperiodismo.org\/formaciondualenperiodismo\/convocatoria-2014\/","title":{"rendered":"Convocatoria 2014"},"content":{"rendered":"<h2><strong><u>CONVOCATORIA<\/u><\/strong><\/h2>\n<p><strong><u>PROGRAMA DE FORMACI\u00d3N DUAL PARA PERIODISTAS<\/u><\/strong><\/p>\n<p>La Fundaci\u00f3n para el Periodismo convoca a periodistas en ejercicio y a egresados de carreras universitarias a participar en el\u00a0<strong>Curso de Formaci\u00f3n Dual para Periodistas<\/strong>\u00a0que impulsa con el apoyo y asesoramiento t\u00e9cnico de la Deutsche Welle\u00a0 Akademie\u00a0 y la Gesellschaft f\u00fcr Internationale Zusammenarbeit GmBH (GIZ) de la Rep\u00fablica Federal de Alemania y bajo el liderazgo del Ministerio de Comunicaci\u00f3n del Estado Plurinacional de Bolivia.<\/p>\n<p><strong><u>\u00bfQu\u00e9 es es la Formaci\u00f3n Dual?<\/u><\/strong><\/p>\n<p>La formaci\u00f3n dual es una combinaci\u00f3n de ense\u00f1anza pr\u00e1ctica, te\u00f3rica y reflexiva que tiene como objetivo integrar y potenciar los conocimientos con habilidades pr\u00e1cticas para un mejor y m\u00e1s efectivo ejercicio de la profesi\u00f3n.\u00a0 En la formaci\u00f3n dual, las pr\u00e1cticas est\u00e1n orientadas, desde el inicio, a la generaci\u00f3n de productos de alta calidad para el medio de comunicaci\u00f3n.<\/p>\n<p><strong><u>Caracter\u00edsticas del programa<\/u><\/strong><\/p>\n<p>El programa se desarrollar\u00e1 en nueve m\u00f3dulos y\u00a0 en un a\u00f1o de duraci\u00f3n. Arrancar\u00e1 el lunes 28 de julio de 2014 y concluir\u00e1 el 5 de julio de\u00a0 2015. Los m\u00f3dulos combinan teor\u00eda y pr\u00e1ctica, es decir, un tiempo en aula y otro en un medio de comunicaci\u00f3n.<\/p>\n<p>Cada postulante ser\u00e1 destinado a un medio de comunicaci\u00f3n para integrarse al equipo de redacci\u00f3n u otro en el que realizar\u00e1 un trabajo acad\u00e9mico bajo el asesoramiento de tutores especialmente capacitados.<\/p>\n<p>El programa culmina con la entrega del t\u00edtulo de\u00a0<strong>REDACTOR<\/strong>, otorgado por la Fundaci\u00f3n para el Periodismo y la DW Akademie, documento que certifica las capacidades adquiridas por el participante.<\/p>\n<p>El programa prev\u00e9 la participaci\u00f3n a\u00a0<strong>tiempo completo<\/strong>\u00a0de los participantes, incluyendo los d\u00edas s\u00e1bado.<\/p>\n<p><strong><u>Perfil de egreso<\/u><\/strong><\/p>\n<p>Un periodista multimedia cre\u00edble, con \u00e9tica profesional, comprometido con la sociedad y la democracia, que sabe investigar y analizar la informaci\u00f3n as\u00ed como realizar productos informativos y noticiosos en diferentes formatos period\u00edsticos, con solvencia y responsabilidad.<\/p>\n<p><strong><u>Perfil de ingreso<\/u><\/strong><\/p>\n<p>Periodistas en ejercicio y egresados de\u00a0 universitarios de cualquier facultad que tienen inter\u00e9s en el periodismo y que han escrito para medios impresos.<\/p>\n<p><strong><u>Plazas<\/u><\/strong><\/p>\n<p>El\u00a0<strong>Programa de Formaci\u00f3n Dual para Periodistas\u00a0<\/strong>cuenta con\u00a0<strong>18 plazas<\/strong>.<\/p>\n<p><strong><u>Requisitos<\/u><\/strong><\/p>\n<p>Los aspirantes deber\u00e1n presentar los siguientes documentos:<\/p>\n<p><u>En general<\/u>:<\/p>\n<ul>\n<li>Carta de postulaci\u00f3n al curso explicando sus motivaciones y comprometi\u00e9ndose a concluir el curso.<\/li>\n<li>Copia de la publicaci\u00f3n de al menos cinco notas period\u00edsticas.<\/li>\n<li>Hoja de vida con fotocopias de la documentaci\u00f3n de respaldo.<\/li>\n<li>Fotocopia de carnet de identidad.<\/li>\n<\/ul>\n<p><u>Periodistas en ejercicio<\/u>:<\/p>\n<ul>\n<li>Portafolio \u00a0de principales trabajos period\u00edsticos publicados.<\/li>\n<li>Certificado del medio donde prest\u00f3 o presta sus servicios.<\/li>\n<\/ul>\n<p><u>Estudiantes universitarios<\/u>:<\/p>\n<ul>\n<li>Certificado de egreso.<\/li>\n<li>Fotocopia del certificado de calificaciones<\/li>\n<\/ul>\n<p>Los postulantes preseleccionados ser\u00e1n entrevistados por la comisi\u00f3n seleccionadora.<\/p>\n<p><strong><u>Costos<\/u><\/strong><\/p>\n<p>El programa tiene los siguientes costos:<\/p>\n<table border=\"1\" width=\"100%\" cellspacing=\"0\" cellpadding=\"5\">\n<tbody>\n<tr>\n<td valign=\"top\" width=\"10%\">a)<\/td>\n<td valign=\"top\" width=\"30%\">Inscripci\u00f3n:<\/td>\n<td valign=\"top\" width=\"30%\">Bs. 1.400,00<\/td>\n<td valign=\"top\" width=\"30%\">Paga el alumno<\/td>\n<\/tr>\n<tr>\n<td valign=\"top\">b)<\/td>\n<td valign=\"top\">Colegiatura<\/td>\n<td valign=\"top\">Bs. 17.280,00<\/td>\n<td valign=\"top\">\u00a0Paga la cooperaci\u00f3n<\/td>\n<\/tr>\n<tr>\n<td valign=\"top\">c)<\/td>\n<td valign=\"top\">Gastos transporte y materiales de estudio<\/td>\n<td valign=\"top\">Bs. 15.000.00<\/td>\n<td valign=\"top\">\u00a0Paga el medio<\/td>\n<\/tr>\n<tr>\n<td valign=\"top\">d)<\/td>\n<td valign=\"top\">Diploma<\/td>\n<td valign=\"top\">Bs. 700,00<\/td>\n<td valign=\"top\">\u00a0Paga el alumno<\/td>\n<\/tr>\n<tr>\n<td valign=\"top\">e)<\/td>\n<td valign=\"top\">Total<\/td>\n<td valign=\"top\">Bs. 34.380,00<\/td>\n<td valign=\"top\" width=\"36\"><\/td>\n<\/tr>\n<\/tbody>\n<\/table>\n<p><strong><u>Becas de apoyo<\/u><\/strong><\/p>\n<p>Los 18 participantes seleccionados recibir\u00e1n una beca consistente en el pago total de la colegiatura m\u00e1s una asignaci\u00f3n monetaria mensual de Bs. 1.250.- que se har\u00e1 efectiva durante todo el curso (12 meses) para el pago de transporte y materiales de estudio.<\/p>\n<p>La asignaci\u00f3n monetaria no se har\u00e1 efectiva en caso de que el\/la participante trabaje en un medio de comunicaci\u00f3n.<\/p>\n<p>La beca no exime al participante de cancelar los montos destinados a la inscripci\u00f3n y diploma.<\/p>\n<p><strong><u>Selecci\u00f3n<\/u><\/strong><\/p>\n<p>Una comisi\u00f3n formada por representantes de las instituciones responsables del curso ser\u00e1 la encargada de seleccionar a los 18 participantes.<\/p>\n<p><strong><u>Fecha l\u00edmite de postulaci\u00f3n<\/u><\/strong><\/p>\n<p>Viernes 6 de junio de 2014<\/p>\n<p><strong>Solicitud de informaci\u00f3n<\/strong><br \/>\ninfo@fundacionperiodismo.org<br \/>\nJavier Casta\u00f1os, tel. 70144344.<\/p>\n<p><strong>Las postulaciones deben ser entregadas f\u00edsicamente o electr\u00f3nicamente en:<\/strong><\/p>\n<p><strong>Fundaci\u00f3n para el Periodismo\u00a0<\/strong><br \/>\nPasaje Hermanos Manchego N\u00ba 2550 (entre Av. Arce y Pedro Salazar)<br \/>\nTel\u00e9fono: 291 2639<br \/>\nCorreo: info@fundacionperiodismo.org<br \/>\n<u>La Paz \u2013 Bolivia<\/u><\/p>\n","protected":false},"excerpt":{"rendered":"<p>CONVOCATORIA PROGRAMA DE FORMACI\u00d3N DUAL PARA PERIODISTAS La Fundaci\u00f3n para el Periodismo convoca a periodistas en ejercicio y a egresados de carreras universitarias a participar en el\u00a0Curso de Formaci\u00f3n Dual para Periodistas\u00a0que impulsa con el apoyo y asesoramiento t\u00e9cnico de la Deutsche Welle\u00a0 Akademie\u00a0 y la Gesellschaft f\u00fcr Internationale Zusammenarbeit GmBH (GIZ) de la Rep\u00fablica&#8230;<\/p>\n","protected":false},"author":1,"featured_media":1377,"comment_status":"closed","ping_status":"closed","sticky":false,"template":"","format":"standard","meta":{"footnotes":""},"categories":[14],"tags":[],"class_list":["post-13","post","type-post","status-publish","format-standard","has-post-thumbnail","hentry","category-14"],"_links":{"self":[{"href":"https:\/\/fundacionperiodismo.org\/formaciondualenperiodismo\/wp-json\/wp\/v2\/posts\/13","targetHints":{"allow":["GET"]}}],"collection":[{"href":"https:\/\/fundacionperiodismo.org\/formaciondualenperiodismo\/wp-json\/wp\/v2\/posts"}],"about":[{"href":"https:\/\/fundacionperiodismo.org\/formaciondualenperiodismo\/wp-json\/wp\/v2\/types\/post"}],"author":[{"embeddable":true,"href":"https:\/\/fundacionperiodismo.org\/formaciondualenperiodismo\/wp-json\/wp\/v2\/users\/1"}],"replies":[{"embeddable":true,"href":"https:\/\/fundacionperiodismo.org\/formaciondualenperiodismo\/wp-json\/wp\/v2\/comments?post=13"}],"version-history":[{"count":3,"href":"https:\/\/fundacionperiodismo.org\/formaciondualenperiodismo\/wp-json\/wp\/v2\/posts\/13\/revisions"}],"predecessor-version":[{"id":1378,"href":"https:\/\/fundacionperiodismo.org\/formaciondualenperiodismo\/wp-json\/wp\/v2\/posts\/13\/revisions\/1378"}],"wp:featuredmedia":[{"embeddable":true,"href":"https:\/\/fundacionperiodismo.org\/formaciondualenperiodismo\/wp-json\/wp\/v2\/media\/1377"}],"wp:attachment":[{"href":"https:\/\/fundacionperiodismo.org\/formaciondualenperiodismo\/wp-json\/wp\/v2\/media?parent=13"}],"wp:term":[{"taxonomy":"category","embeddable":true,"href":"https:\/\/fundacionperiodismo.org\/formaciondualenperiodismo\/wp-json\/wp\/v2\/categories?post=13"},{"taxonomy":"post_tag","embeddable":true,"href":"https:\/\/fundacionperiodismo.org\/formaciondualenperiodismo\/wp-json\/wp\/v2\/tags?post=13"}],"curies":[{"name":"wp","href":"https:\/\/api.w.org\/{rel}","templated":true}]}}