{"id":1351,"date":"2019-07-02T19:16:55","date_gmt":"2019-07-02T19:16:55","guid":{"rendered":"https:\/\/fundacionperiodismo.org\/formaciondualenperiodismo\/?p=1351"},"modified":"2019-07-02T19:16:55","modified_gmt":"2019-07-02T19:16:55","slug":"entrevista-a-peter-stegemann","status":"publish","type":"post","link":"https:\/\/fundacionperiodismo.org\/formaciondualenperiodismo\/entrevista-a-peter-stegemann\/","title":{"rendered":"Entrevista a Peter Stegemann"},"content":{"rendered":"<p>Peter Stegemann:<\/p>\n<p><strong>\u201c<\/strong><strong>En la Formaci\u00f3n Dual se combina el aprendizaje en aula con el de trabajo\u201d<\/strong><\/p>\n<p>La Fundaci\u00f3n para el Periodismo impulsa el programa Formaci\u00f3n Dual en Periodismo con el apoyo y asesoramiento t\u00e9cnico de la Deutsche Welle\u00a0Akademie\u00a0y la Gesellschaft f\u00fcr Internationale Zusammenarbeit GmBH (GIZ) de la Rep\u00fablica Federal de Alemania. Peter Stegemann es el Coordinador de Programa \u201cFormaci\u00f3n Dual en Periodismo\u201d \u2013 (ProPeriodismo).<\/p>\n<p>&nbsp;<\/p>\n<ol>\n<li><strong>\u00bfQu\u00e9 es la Formaci\u00f3n Dual en Periodismo? <\/strong><\/li>\n<\/ol>\n<p>&nbsp;<\/p>\n<p><strong>P.S.<\/strong> Es un sistema de ense\u00f1anza y aprendizaje que est\u00e1 establecido en Alemania desde hace tiempo.<\/p>\n<p>&nbsp;<\/p>\n<ol start=\"2\">\n<li><strong>\u00bfDe d\u00f3nde nace la idea de implementar la Formaci\u00f3n Dual en Periodismo en Bolivia?<\/strong><\/li>\n<\/ol>\n<p>&nbsp;<\/p>\n<p><strong>P.S.<\/strong> De una demanda sentida en Bolivia de mejorar la calidad del periodismo. Esta demanda fue acogida por la cooperaci\u00f3n alemana y pactada con el gobierno de Bolivia. El Ministerio de Cooperaci\u00f3n encarg\u00f3 a la GIZ y la Deutsche Welle Akademie la ejecuci\u00f3n del proyecto con el Ministerio de Comunicaci\u00f3n.<\/p>\n<p>&nbsp;<\/p>\n<ol start=\"3\">\n<li><strong>\u00bfCu\u00e1l es el papel que juega la cooperaci\u00f3n alemana en este tipo de formaci\u00f3n?<\/strong><\/li>\n<\/ol>\n<p>&nbsp;<\/p>\n<p><strong>P.S.<\/strong> Nosotros asesoramos para que la formaci\u00f3n dual se adapte a la realidad boliviana y velamos que esta adaptaci\u00f3n se haga bajo est\u00e1ndares de calidad.<\/p>\n<p>&nbsp;<\/p>\n<ol start=\"4\">\n<li><strong>\u00bfCu\u00e1l ser\u00e1 la pedagog\u00eda y metodolog\u00eda de la segunda versi\u00f3n del programa Formaci\u00f3n Dual en Periodismo?<\/strong><\/li>\n<\/ol>\n<p><strong>\u00a0<\/strong><\/p>\n<p><strong>P.S.<\/strong> En la formaci\u00f3n dual se combina el aprendizaje en aula con el aprendizaje en el lugar de trabajo. En el aula los capacitadores de la Deutsche Welle Akademie y de la FPP ense\u00f1an con una metodolog\u00eda orientada al participante.<\/p>\n<p>&nbsp;<\/p>\n<ol start=\"5\">\n<li><strong>\u00bfCu\u00e1l ser\u00e1 la caracter\u00edstica de la segunda versi\u00f3n de la Formaci\u00f3n Dual en Periodismo? \u00a0\u00a0<\/strong><\/li>\n<\/ol>\n<p><strong>\u00a0<\/strong><\/p>\n<p><strong>P.S.<\/strong> La caracter\u00edstica es que se desarrollan competencias para ejercer un periodismo de alta calidad.<\/p>\n<p>&nbsp;<\/p>\n<ol start=\"6\">\n<li><strong>\u00bfC\u00f3mo ser\u00e1 la modalidad de la segunda versi\u00f3n de la Formaci\u00f3n Dual en Periodismo?<\/strong><\/li>\n<\/ol>\n<p>&nbsp;<\/p>\n<p><strong>P.S.<\/strong> Es b\u00e1sicamente presencial. Y esto en ambos lugares de aprendizaje: el aula y el lugar de trabajo.<\/p>\n<p>&nbsp;<\/p>\n<ol start=\"7\">\n<li><strong>\u00bfQu\u00e9 tem\u00e1ticas abordar\u00e1 la segunda versi\u00f3n de la Formaci\u00f3n Dual en Periodismo? <\/strong><\/li>\n<\/ol>\n<p>&nbsp;<\/p>\n<p><strong>P.S.<\/strong> Todas las tem\u00e1ticas de inter\u00e9s nacional: pol\u00edticos, econ\u00f3micos, culturales, sociales.<\/p>\n<p>&nbsp;<\/p>\n<ol start=\"8\">\n<li><strong>\u00bfQui\u00e9nes podr\u00e1n participar en la segunda versi\u00f3n de la Formaci\u00f3n Dual en Periodismo? <\/strong><\/li>\n<\/ol>\n<p>&nbsp;<\/p>\n<p><strong>P.S.<\/strong> Se dirige a periodistas j\u00f3venes o a j\u00f3venes que quieren ser periodistas. Es decir: Pueden ser egresados o titulados en Comunicaci\u00f3n Social sin experiencia laboral con inter\u00e9s en convertirse en periodistas. O periodistas en ejercicio con un m\u00e1ximo de dos a\u00f1os de experiencia laboral.<\/p>\n<p>&nbsp;<\/p>\n<ol start=\"9\">\n<li><strong>\u00bfQu\u00e9 consejos les dar\u00edas a los periodistas interesados en este tipo de formaci\u00f3n?<\/strong><\/li>\n<\/ol>\n<p>&nbsp;<\/p>\n<p><strong>P.S.<\/strong> En primer lugar que apliquen a la convocatoria de la FPP. Que se preparen mentalmente que van a trabajar durante un a\u00f1o en medios reales, siempre con un tutor al lado y que cada cinco semanas van a estar en un taller presencial en donde tambi\u00e9n aprender\u00e1n haciendo. Haciendo productos period\u00edsticos de calidad. Reflexionando sobre este proceso de aprendizaje.<\/p>\n<p>&nbsp;<\/p>\n<ol start=\"10\">\n<li><strong>Al finalizar la Formaci\u00f3n Dual en Periodismo \u00bfcu\u00e1les ser\u00e1n las caracter\u00edsticas de ese periodista?<\/strong><\/li>\n<\/ol>\n<p>&nbsp;<\/p>\n<p><strong>P.S.<\/strong> Es un periodista crossmedia, sabe aplicar bien la \u00e9tica period\u00edstica y la investigaci\u00f3n, trabajar con las nuevas tecnolog\u00edas y tener m\u00e1s claro su rol en la sociedad.<\/p>\n","protected":false},"excerpt":{"rendered":"<p>Peter Stegemann: \u201cEn la Formaci\u00f3n Dual se combina el aprendizaje en aula con el de trabajo\u201d La Fundaci\u00f3n para el Periodismo impulsa el programa Formaci\u00f3n Dual en Periodismo con el apoyo y asesoramiento t\u00e9cnico de la Deutsche Welle\u00a0Akademie\u00a0y la Gesellschaft f\u00fcr Internationale Zusammenarbeit GmBH (GIZ) de la Rep\u00fablica Federal de Alemania. Peter Stegemann es el&#8230;<\/p>\n","protected":false},"author":1,"featured_media":1356,"comment_status":"closed","ping_status":"closed","sticky":false,"template":"","format":"standard","meta":{"footnotes":""},"categories":[22],"tags":[],"class_list":["post-1351","post","type-post","status-publish","format-standard","has-post-thumbnail","hentry","category-entrevistas-a-facilitadores-2014"],"_links":{"self":[{"href":"https:\/\/fundacionperiodismo.org\/formaciondualenperiodismo\/wp-json\/wp\/v2\/posts\/1351","targetHints":{"allow":["GET"]}}],"collection":[{"href":"https:\/\/fundacionperiodismo.org\/formaciondualenperiodismo\/wp-json\/wp\/v2\/posts"}],"about":[{"href":"https:\/\/fundacionperiodismo.org\/formaciondualenperiodismo\/wp-json\/wp\/v2\/types\/post"}],"author":[{"embeddable":true,"href":"https:\/\/fundacionperiodismo.org\/formaciondualenperiodismo\/wp-json\/wp\/v2\/users\/1"}],"replies":[{"embeddable":true,"href":"https:\/\/fundacionperiodismo.org\/formaciondualenperiodismo\/wp-json\/wp\/v2\/comments?post=1351"}],"version-history":[{"count":2,"href":"https:\/\/fundacionperiodismo.org\/formaciondualenperiodismo\/wp-json\/wp\/v2\/posts\/1351\/revisions"}],"predecessor-version":[{"id":1523,"href":"https:\/\/fundacionperiodismo.org\/formaciondualenperiodismo\/wp-json\/wp\/v2\/posts\/1351\/revisions\/1523"}],"wp:featuredmedia":[{"embeddable":true,"href":"https:\/\/fundacionperiodismo.org\/formaciondualenperiodismo\/wp-json\/wp\/v2\/media\/1356"}],"wp:attachment":[{"href":"https:\/\/fundacionperiodismo.org\/formaciondualenperiodismo\/wp-json\/wp\/v2\/media?parent=1351"}],"wp:term":[{"taxonomy":"category","embeddable":true,"href":"https:\/\/fundacionperiodismo.org\/formaciondualenperiodismo\/wp-json\/wp\/v2\/categories?post=1351"},{"taxonomy":"post_tag","embeddable":true,"href":"https:\/\/fundacionperiodismo.org\/formaciondualenperiodismo\/wp-json\/wp\/v2\/tags?post=1351"}],"curies":[{"name":"wp","href":"https:\/\/api.w.org\/{rel}","templated":true}]}}