{"id":259,"date":"2019-04-04T14:25:12","date_gmt":"2019-04-04T14:25:12","guid":{"rendered":"https:\/\/fundacionperiodismo.org\/formaciondualenperiodismo\/?page_id=259"},"modified":"2019-12-27T15:40:58","modified_gmt":"2019-12-27T15:40:58","slug":"convocatoria-2019","status":"publish","type":"post","link":"https:\/\/fundacionperiodismo.org\/formaciondualenperiodismo\/convocatoria-2019\/","title":{"rendered":"Convocatoria 2019"},"content":{"rendered":"<p><span style=\"font-size: 14px; color: #000000;\"><strong><u>Caracter\u00edsticas del programa<\/u><\/strong><\/span><\/p>\n<p><span style=\"font-size: 14px; color: #000000;\">El programa se desarrollar\u00e1 en diez m\u00f3dulos y\u00a0en un a\u00f1o de duraci\u00f3n. Arrancar\u00e1 el lunes 18 de febrero y concluir\u00e1 el 8 de diciembre de 2019. Los m\u00f3dulos combinan teor\u00eda y pr\u00e1ctica, es decir, un tiempo en aula y otro en un medio de comunicaci\u00f3n.<\/span><\/p>\n<p><span style=\"font-size: 14px; color: #000000;\">Cada postulante ser\u00e1 destinado a un medio de comunicaci\u00f3n para integrarse al equipo de redacci\u00f3n u otro en el que realizar\u00e1 un trabajo acad\u00e9mico bajo el asesoramiento de tutores especialmente capacitados.<\/span><\/p>\n<p><span style=\"font-size: 14px; color: #000000;\">El programa culmina con la entrega de certificado de\u00a0<strong>PERIODISTA MULTIMEDIA<\/strong>, otorgado por la Fundaci\u00f3n para el Periodismo y la Deutsche Welle Akademie, documento que certifica las capacidades adquiridas por el participante.<\/span><\/p>\n<p><span style=\"font-size: 14px; color: #000000;\">El programa prev\u00e9 la participaci\u00f3n a\u00a0<strong>tiempo completo<\/strong>\u00a0de los participantes, incluyendo los d\u00edas s\u00e1bados.<\/span><\/p>\n<p><span style=\"font-size: 14px; color: #000000;\"><strong><u>Perfil de ingreso<\/u><\/strong><\/span><\/p>\n<p><span style=\"font-size: 14px; color: #000000;\">Periodistas en ejercicio con al menos dos a\u00f1os de experiencia profesional; profesionales de otras \u00e1reas de las ciencias sociales y humanidades; y estudiantes universitarios\u00a0 con por lo menos dos a\u00f1os de carrera acad\u00e9mica cursados.\u00a0\u00a0<strong><u>\u00a0<\/u><\/strong><\/span><\/p>\n<p><span style=\"font-size: 14px; color: #000000;\"><strong><u>Perfil de egreso<\/u><\/strong><\/span><\/p>\n<p><span style=\"font-size: 14px; color: #000000;\">Un periodista multimedia con altas capacidades profesionales y credibilidad, comprometido con la \u00e9tica profesional, la sociedad y la democracia, que sabe investigar, analizar la informaci\u00f3n\u00a0 y realizar productos informativos y noticiosos en diferentes formatos con solvencia y responsabilidad.\u00a0<strong><u>\u00a0<\/u><\/strong><\/span><\/p>\n<p><span style=\"font-size: 14px; color: #000000;\"><strong><u>Plazas<\/u><\/strong><\/span><\/p>\n<p><span style=\"font-size: 14px; color: #000000;\">El\u00a0programa de Formaci\u00f3n Dual en Periodismo cuenta con\u00a018 plazas.<\/span><\/p>\n<p><span style=\"font-size: 14px; color: #000000;\"><strong><u>Requisitos<\/u><\/strong><\/span><\/p>\n<p><span style=\"font-size: 14px; color: #000000;\">Los aspirantes deber\u00e1n presentar los siguientes documentos:<\/span><\/p>\n<p><span style=\"font-size: 14px; color: #000000;\"><strong>Primera fase<\/strong><u>\u00a0<\/u><\/span><\/p>\n<p><span style=\"font-size: 14px; color: #000000;\"><u>En general<\/u>:<\/span><\/p>\n<p><span style=\"font-size: 14px; color: #000000;\">Carta de postulaci\u00f3n al curso explicando sus motivaciones y comprometi\u00e9ndose a concluir el curso.<\/span><\/p>\n<p><span style=\"font-size: 14px; color: #000000;\">Hoja de vida adjuntando s\u00f3lo una fotocopia simple del t\u00edtulo profesional.<\/span><\/p>\n<p><span style=\"font-size: 14px; color: #000000;\">Fotocopia de carnet de identidad.<\/span><\/p>\n<p><span style=\"font-size: 14px; color: #000000;\"><u>Periodistas en ejercicio<\/u>:<\/span><\/p>\n<p><span style=\"font-size: 14px; color: #000000;\">Copia de la publicaci\u00f3n de al menos tres notas period\u00edsticas.<\/span><\/p>\n<p><span style=\"font-size: 14px; color: #000000;\">Carta de referencia de un periodista.<\/span><\/p>\n<p><span style=\"font-size: 14px; color: #000000;\">Certificado del medio donde prest\u00f3 o presta sus servicios.<\/span><\/p>\n<p><span style=\"font-size: 14px; color: #000000;\"><u>Estudiantes universitarios<\/u>:<\/span><\/p>\n<p><span style=\"font-size: 14px; color: #000000;\">Certificado de egreso.<\/span><\/p>\n<p><span style=\"font-size: 14px; color: #000000;\">Carta de referencia de un docente.<\/span><\/p>\n<p><span style=\"font-size: 14px; color: #000000;\">Record Acad\u00e9mico.<strong>\u00a0<\/strong><\/span><\/p>\n<p><span style=\"font-size: 14px; color: #000000;\"><strong>Segunda Fase<\/strong><\/span><\/p>\n<p><span style=\"font-size: 14px; color: #000000;\">Los postulantes preseleccionados deber\u00e1n rendir un examen de conocimientos generales y ser\u00e1n entrevistados por la comisi\u00f3n seleccionadora.<strong><u>\u00a0<\/u><\/strong><\/span><\/p>\n<p><span style=\"font-size: 14px; color: #000000;\"><strong><u>Costos<\/u><\/strong><\/span><\/p>\n<p><span style=\"font-size: 14px; color: #000000;\">El programa tiene el siguiente costo:<\/span><\/p>\n<table>\n<tbody>\n<tr>\n<td width=\"47\"><span style=\"font-size: 14px; color: #000000;\"><strong>\u00a0<\/strong><\/span><\/td>\n<td width=\"340\"><span style=\"font-size: 14px; color: #000000;\"><strong>\u00cdtem<\/strong><\/span><\/td>\n<td width=\"201\"><span style=\"font-size: 14px; color: #000000;\"><strong>Monto en Bs.<\/strong><\/span><\/td>\n<\/tr>\n<tr>\n<td width=\"47\"><span style=\"font-size: 14px; color: #000000;\">1\u00ba<\/span><\/td>\n<td width=\"340\"><span style=\"font-size: 14px; color: #000000;\">Colegiatura<\/span><\/td>\n<td width=\"201\"><span style=\"font-size: 14px; color: #000000;\">1.350 x m\u00f3dulo<\/span><\/td>\n<\/tr>\n<tr>\n<td width=\"47\"><\/td>\n<td width=\"340\"><span style=\"font-size: 14px; color: #000000;\"><strong>Total<\/strong><\/span><\/td>\n<td width=\"201\"><span style=\"font-size: 14px; color: #000000;\">13.500<\/span><\/td>\n<\/tr>\n<\/tbody>\n<\/table>\n<p><span style=\"font-size: 14px; color: #000000;\"><strong><u>Becas de apoyo<\/u><\/strong><\/span><\/p>\n<p><span style=\"font-size: 14px; color: #000000;\">Los 18 participantes seleccionados recibir\u00e1n una beca consistente en una asignaci\u00f3n monetaria mensual. El monto se acordar\u00e1 entre el medio y el periodista, que se har\u00e1 efectiva durante todo el curso (10 meses) para el pago de transporte y vi\u00e1ticos.<\/span><\/p>\n<p><span style=\"font-size: 14px; color: #000000;\">La asignaci\u00f3n monetaria no se har\u00e1 efectiva en caso de que el\/la participante trabaje en un medio de comunicaci\u00f3n.<\/span><\/p>\n<p><span style=\"font-size: 14px; color: #000000;\">La beca no exime al participante de cancelar los montos destinados a la colegiatura.<\/span><\/p>\n<p><span style=\"font-size: 14px; color: #000000;\"><strong><u>Selecci\u00f3n<\/u><\/strong><\/span><\/p>\n<p><span style=\"font-size: 14px; color: #000000;\">Una comisi\u00f3n formada por representantes de las instituciones responsables del curso ser\u00e1 la encargada de seleccionar a los 18 participantes.<strong><u>\u00a0<\/u><\/strong><\/span><\/p>\n<p><span style=\"font-size: 14px; color: #000000;\"><strong><u>Fecha l\u00edmite de postulaci\u00f3n<\/u><\/strong><\/span><\/p>\n<p><span style=\"font-size: 14px; color: #000000;\">27 de enero de 2019<\/span><\/p>\n<p><span style=\"font-size: 14px; color: #000000;\"><strong>Solicitud de informaci\u00f3n<\/strong><\/span><\/p>\n<p><span style=\"font-size: 14px; color: #000000;\">Carlos Portugal Rodr\u00edguez<\/span><\/p>\n<p><span style=\"font-size: 14px; color: #000000;\">72054907<\/span><\/p>\n<p><span style=\"font-size: 14px; color: #000000;\"><a style=\"color: #000000;\" href=\"mailto:carlosportugal@fundacionperiodismo.org\">carlosportugal@fundacionperiodismo.org<\/a><\/span><\/p>\n<p><span style=\"font-size: 14px; color: #000000;\">Coordinador del programa<\/span><\/p>\n<p><span style=\"font-size: 14px; color: #000000;\">Las postulantes deben entregar los requisitos en un sobre cerrado en instalaciones de:<\/span><\/p>\n<p><span style=\"font-size: 14px; color: #000000;\"><strong>Fundaci\u00f3n para el Periodismo\u00a0<\/strong><\/span><br \/>\n<span style=\"font-size: 14px; color: #000000;\"><strong>Calle Miguel de Cervantes N\u00ba 2770 (entre Vincenti y M\u00e9ndez Arcos). Sopocachi<br \/>\nTel\u00e9fono: 2414687<br \/>\n<u>La Paz \u2013 Bolivia<\/u><\/strong><\/span><\/p>\n<p><span style=\"font-size: 14px; color: #000000;\">La Paz, diciembre de 2018<\/span><\/p>\n","protected":false},"excerpt":{"rendered":"<p>Caracter\u00edsticas del programa El programa se desarrollar\u00e1 en diez m\u00f3dulos y\u00a0en un a\u00f1o de duraci\u00f3n. Arrancar\u00e1 el lunes 18 de febrero y concluir\u00e1 el 8 de diciembre de 2019. Los m\u00f3dulos combinan teor\u00eda y pr\u00e1ctica, es decir, un tiempo en aula y otro en un medio de comunicaci\u00f3n. Cada postulante ser\u00e1 destinado a un medio&#8230;<\/p>\n","protected":false},"author":1,"featured_media":0,"comment_status":"closed","ping_status":"closed","sticky":false,"template":"","format":"standard","meta":{"footnotes":""},"categories":[8],"tags":[],"class_list":["post-259","post","type-post","status-publish","format-standard","hentry","category-8"],"_links":{"self":[{"href":"https:\/\/fundacionperiodismo.org\/formaciondualenperiodismo\/wp-json\/wp\/v2\/posts\/259","targetHints":{"allow":["GET"]}}],"collection":[{"href":"https:\/\/fundacionperiodismo.org\/formaciondualenperiodismo\/wp-json\/wp\/v2\/posts"}],"about":[{"href":"https:\/\/fundacionperiodismo.org\/formaciondualenperiodismo\/wp-json\/wp\/v2\/types\/post"}],"author":[{"embeddable":true,"href":"https:\/\/fundacionperiodismo.org\/formaciondualenperiodismo\/wp-json\/wp\/v2\/users\/1"}],"replies":[{"embeddable":true,"href":"https:\/\/fundacionperiodismo.org\/formaciondualenperiodismo\/wp-json\/wp\/v2\/comments?post=259"}],"version-history":[{"count":4,"href":"https:\/\/fundacionperiodismo.org\/formaciondualenperiodismo\/wp-json\/wp\/v2\/posts\/259\/revisions"}],"predecessor-version":[{"id":1701,"href":"https:\/\/fundacionperiodismo.org\/formaciondualenperiodismo\/wp-json\/wp\/v2\/posts\/259\/revisions\/1701"}],"wp:attachment":[{"href":"https:\/\/fundacionperiodismo.org\/formaciondualenperiodismo\/wp-json\/wp\/v2\/media?parent=259"}],"wp:term":[{"taxonomy":"category","embeddable":true,"href":"https:\/\/fundacionperiodismo.org\/formaciondualenperiodismo\/wp-json\/wp\/v2\/categories?post=259"},{"taxonomy":"post_tag","embeddable":true,"href":"https:\/\/fundacionperiodismo.org\/formaciondualenperiodismo\/wp-json\/wp\/v2\/tags?post=259"}],"curies":[{"name":"wp","href":"https:\/\/api.w.org\/{rel}","templated":true}]}}