{"id":603,"date":"2019-04-11T14:26:36","date_gmt":"2019-04-11T14:26:36","guid":{"rendered":"https:\/\/fundacionperiodismo.org\/formaciondualenperiodismo\/?p=603"},"modified":"2019-04-23T16:42:58","modified_gmt":"2019-04-23T16:42:58","slug":"entrevista-a-ginna-morelo","status":"publish","type":"post","link":"https:\/\/fundacionperiodismo.org\/formaciondualenperiodismo\/entrevista-a-ginna-morelo\/","title":{"rendered":"Entrevista a Ginna Morelo"},"content":{"rendered":"<div id=\"content-area\" class=\"post-4050 post type-post status-publish format-standard has-post-thumbnail hentry category-entrevista category-formacion-dual category-z-nota tag-entrevista tag-formacion-dual2018\">\n<div class=\"post-cont-out\">\n<div class=\"post-cont-in\">\n<div id=\"content-main\" class=\"left relative\">\n<h1><strong>\u201cUn buen periodista debe acercarse al ciudadano de a pie y no al poder\u201d<\/strong><\/h1>\n<p>Ginna Morelo es periodista colombiana y magister en Comunicaci\u00f3n. Es editora del nuevo proyecto Unidad de Datos del peri\u00f3dico El Tiempo y presidenta de Consejo de Redacci\u00f3n, organizaci\u00f3n que promueve el periodismo de investigaci\u00f3n en Colombia.<\/p>\n<p>Morelo fue la facilitadora del segundo y tercer m\u00f3dulo del programa Formaci\u00f3n Dual en Periodismo que impulsa la Fundaci\u00f3n para el Periodismo (FPP) con el apoyo de la DW Akademie y la Gesellschaft f\u00fcr Internationale Zusammenarbeit GmBH (GIZ).<\/p>\n<p><strong>1.- \u00bfCu\u00e1l es tu percepci\u00f3n del periodismo boliviano?<\/strong><\/p>\n<p><strong>G.M.<\/strong> Se siente que el periodismo en Bolivia tiene un compromiso enorme por pretender llegar a las audiencias de mejor manera y por atreverse hacer cosas diferentes. Al compartir con los periodistas que est\u00e1n tomando el proceso formativo, lo que noto es un deseo de avanzar y de atreverse hacer las cosas nuevas que ofrecen las herramientas digitales con las que contamos hoy d\u00eda. Por otro lado, me parece tambi\u00e9n importante esa inquietud y preocupaci\u00f3n por los temas sociales, pol\u00edticos y de desarrollo sostenible del pa\u00eds que lo he notado en los trabajos que han propuesto hacer; evaluaciones a los gobiernos, corte de cuentas de c\u00f3mo est\u00e1n haciendo las cosas o c\u00f3mo est\u00e1n invirtiendo los recursos. Es interesante porque de alguna manera lo que muestra es una preocupaci\u00f3n enorme por hacer un buen periodismo de investigaci\u00f3n que le sirva al ciudadano boliviano.<strong>&nbsp;<\/strong><\/p>\n<p><strong>2.- \u00bfQu\u00e9 diferencias y similitudes notas en el periodismo boliviano, en comparaci\u00f3n con el periodismo mundial?&nbsp; &nbsp;<\/strong><\/p>\n<p><strong>G.M.<\/strong> Por lo menos debo celebrar que hay inquietud y eso es importante, porque un periodista que no es inquieto es un periodista que est\u00e1 condenado a no moverse. En ese sentido, creo que es muy interesante lo que logro observar ac\u00e1, pero al mismo tiempo, as\u00ed como son inquietos, noto tambi\u00e9n en ellos (los periodistas) como cierto temor a cuestionar. El periodista por naturaleza es inquieto e irreverente. Entonces all\u00ed empiezo yo a encontrar como ciertas limitaciones que puedan estar teniendo ellos de asumir, que s\u00ed cruzamos est\u00e1 l\u00ednea, eso podr\u00eda traer una consecuencia, me refiero hacer una investigaci\u00f3n, pero si nos metemos con ese tema pol\u00edtico seguro nos cierran las puertas y si nos cierran las puertas qu\u00e9 hacemos, lo cual es l\u00f3gico pensarlo, pero tienen necesariamente que romper con eso, que es lo que yo he notado en muchos otros pa\u00edses, solo veamos al vecino, Per\u00fa, y son periodistas muy combativos, creo yo, que eso es lo que requerir\u00edamos ac\u00e1, adem\u00e1s del olfato period\u00edstico que tienen, del deseo de aprender, de experimentar nuevas cosas, de probar formatos, se requiere internamente un deseo de ir un poco m\u00e1s all\u00e1 con relaci\u00f3n a las coberturas y no tener miedo, porque yo estoy casi segura que es lo que la gente en Bolivia estar\u00eda reclamando, medios que sean mucho m\u00e1s presentes y fuertes con los an\u00e1lisis y con lo que tengan que contarle al ciudadano de lo que ocurre en el pa\u00eds.<\/p>\n<p><strong>3.- \u00bfEl periodismo de investigaci\u00f3n y el de datos est\u00e1 creciendo?&nbsp;&nbsp;<\/strong><\/p>\n<p><strong>G.M.<\/strong> Sin duda alguna, yo creo, que todo lo que las nuevas tecnolog\u00edas, o lo que antes se conoc\u00eda como el periodismo asistido por computador, nos est\u00e1 trayendo la posibilidad de incorporar herramientas novedosas, interactivas e interesantes al proceso de trabajo del periodista. Lo que hemos evaluado en estos 12 d\u00edas, por un lado ha sido mirar que tan transparente es la informaci\u00f3n en Bolivia y si bien no es lo que se quisiera del pa\u00eds, no es menos cierto que tambi\u00e9n hay informaci\u00f3n y eso para ellos tambi\u00e9n ha sido una sorpresa. Que han podido encontrar datos en alguna fuente de informaci\u00f3n y que a partir de esos datos pueden construir sus propias fuentes siguiendo el proceso de investigaci\u00f3n. Yo creo que hay un largo camino por recorrer en este sentido y va a depender de organizaciones como \u00e9sta (FPP) y de los periodistas como tal, que entren fuertemente y pisando duro en este escenario para ser competitivos en el mundo period\u00edstico.<\/p>\n<p><strong>4.- \u00bfQu\u00e9 recomendaciones les das a los periodistas que participaron de taller?&nbsp;<\/strong><strong>&nbsp;<\/strong><\/p>\n<p><strong>G.M.<\/strong> Yo creo que, lo primero es que el periodista debe ser independiente, con esto no quiero decir que tenga que renunciar a su trabajo, pero si debe defender una agenda independiente, una agenda de trabajo que lo acerque al ciudadano de a pie y no al poder, debe ser un periodista que quiera estudiar y aprender cosas nuevas todos los d\u00edas, para que cuando le cierren la puerta se puede meter por la ventana y debe ser un periodista que deba juntarse con otras disciplinas.<\/p>\n<\/div>\n<\/div>\n<\/div>\n<\/div>\n","protected":false},"excerpt":{"rendered":"<p>\u201cUn buen periodista debe acercarse al ciudadano de a pie y no al poder\u201d Ginna Morelo es periodista colombiana y magister en Comunicaci\u00f3n. Es editora del nuevo proyecto Unidad de Datos del peri\u00f3dico El Tiempo y presidenta de Consejo de Redacci\u00f3n, organizaci\u00f3n que promueve el periodismo de investigaci\u00f3n en Colombia. Morelo fue la facilitadora del&#8230;<\/p>\n","protected":false},"author":1,"featured_media":908,"comment_status":"closed","ping_status":"closed","sticky":false,"template":"","format":"standard","meta":{"footnotes":""},"categories":[16],"tags":[],"class_list":["post-603","post","type-post","status-publish","format-standard","has-post-thumbnail","hentry","category-entrevistas"],"_links":{"self":[{"href":"https:\/\/fundacionperiodismo.org\/formaciondualenperiodismo\/wp-json\/wp\/v2\/posts\/603","targetHints":{"allow":["GET"]}}],"collection":[{"href":"https:\/\/fundacionperiodismo.org\/formaciondualenperiodismo\/wp-json\/wp\/v2\/posts"}],"about":[{"href":"https:\/\/fundacionperiodismo.org\/formaciondualenperiodismo\/wp-json\/wp\/v2\/types\/post"}],"author":[{"embeddable":true,"href":"https:\/\/fundacionperiodismo.org\/formaciondualenperiodismo\/wp-json\/wp\/v2\/users\/1"}],"replies":[{"embeddable":true,"href":"https:\/\/fundacionperiodismo.org\/formaciondualenperiodismo\/wp-json\/wp\/v2\/comments?post=603"}],"version-history":[{"count":5,"href":"https:\/\/fundacionperiodismo.org\/formaciondualenperiodismo\/wp-json\/wp\/v2\/posts\/603\/revisions"}],"predecessor-version":[{"id":936,"href":"https:\/\/fundacionperiodismo.org\/formaciondualenperiodismo\/wp-json\/wp\/v2\/posts\/603\/revisions\/936"}],"wp:featuredmedia":[{"embeddable":true,"href":"https:\/\/fundacionperiodismo.org\/formaciondualenperiodismo\/wp-json\/wp\/v2\/media\/908"}],"wp:attachment":[{"href":"https:\/\/fundacionperiodismo.org\/formaciondualenperiodismo\/wp-json\/wp\/v2\/media?parent=603"}],"wp:term":[{"taxonomy":"category","embeddable":true,"href":"https:\/\/fundacionperiodismo.org\/formaciondualenperiodismo\/wp-json\/wp\/v2\/categories?post=603"},{"taxonomy":"post_tag","embeddable":true,"href":"https:\/\/fundacionperiodismo.org\/formaciondualenperiodismo\/wp-json\/wp\/v2\/tags?post=603"}],"curies":[{"name":"wp","href":"https:\/\/api.w.org\/{rel}","templated":true}]}}