{"id":605,"date":"2019-04-11T14:35:24","date_gmt":"2019-04-11T14:35:24","guid":{"rendered":"https:\/\/fundacionperiodismo.org\/formaciondualenperiodismo\/?p=605"},"modified":"2019-04-23T16:42:45","modified_gmt":"2019-04-23T16:42:45","slug":"entrevista-a-ginna-morelo-2","status":"publish","type":"post","link":"https:\/\/fundacionperiodismo.org\/formaciondualenperiodismo\/entrevista-a-ginna-morelo-2\/","title":{"rendered":"Entrevista a Ginna Morelo 2"},"content":{"rendered":"<h1><strong>\u201cLa Formaci\u00f3n Dual me parece una apuesta innovadora y necesaria\u201d<\/strong><\/h1>\n<p>Ginna Morelo es periodista de investigaci\u00f3n colombiana, especializada en Gerencia P\u00fablica y magister en Comunicaci\u00f3n. Es editora del nuevo proyecto Unidad de Datos del peri\u00f3dico EL TIEMPO y presidenta de Consejo de Redacci\u00f3n, organizaci\u00f3n que promueve el periodismo de investigaci\u00f3n en Colombia.<\/p>\n<p>Morelo fue invitada por la Fundaci\u00f3n para el Periodismo para desarrollar el segundo m\u00f3dulo \u201cPeriodismo de investigaci\u00f3n y Datos I\u201d del programa Formaci\u00f3n Dual en Periodismo.<\/p>\n<ol>\n<li><strong>\u00bfQu\u00e9 opinas del sistema de la Formaci\u00f3n Dual en general?<\/strong><\/li>\n<\/ol>\n<p><strong>G.M.<\/strong> Los ejercicios formativos proponen, sugieren, alimentan y orientan. El participante se deja seducir por el ejercicio de aprendizaje en el que \u00e9l va a la par, adquiriendo competencias y poni\u00e9ndolas en pr\u00e1ctica casi de inmediato, en ejercicios participativos y de discusi\u00f3n que suponen \u201censayo y error\u201d. Los aprendices escuchan, pero tambi\u00e9n el facilitador, quienes intercambian en un ambiente de humildad y de trabajo fuerte.<strong>&nbsp;<\/strong><\/p>\n<ol start=\"2\">\n<li><strong>\u00bfCu\u00e1l es la situaci\u00f3n actual del periodismo?<\/strong><\/li>\n<\/ol>\n<p><strong>G.M.<\/strong> En el mundo el periodismo experimenta notorios y vertiginosos cambios debido a la irrupci\u00f3n del internet. La nueva era digital supuso alteraciones de formatos y del negocio en s\u00ed, al tiempo que una serie de experiencias innovadoras que suponen ir a la vanguardia, siempre. Hoy el periodismo es m\u00e1s acelerado, inmerso en un escenario vol\u00e1til, el de las redes sociales. Es un tiempo de amenazas pero tambi\u00e9n de oportunidades. De constantes retos en busca siempre de la democratizaci\u00f3n de la informaci\u00f3n.<\/p>\n<ol start=\"3\">\n<li><strong>Como periodista latinoamericana, cu\u00e1l es tu opini\u00f3n que en Bolivia se desarrolle la Formaci\u00f3n Dual en Periodismo<\/strong><\/li>\n<\/ol>\n<p><strong>G.M.<\/strong> Revisando el estado del arte de la formaci\u00f3n en el campo del periodismo, me parece una apuesta innovadora y necesaria. Las nuevas competencias que requieren quienes se quieren dedicar al mundo de la informaci\u00f3n y de la investigaci\u00f3n son de una demanda enorme. Hay escuelas tan solo enfocadas con mucha fuerza en la comunicaci\u00f3n, m\u00e1s no en el ejercicio de andar con el otro para intentar explicar e interpretar los fen\u00f3menos que las audiencias necesitan, por lo cual, que se intente este modelo formativo permite dotar las herramientas para una mejor pr\u00e1ctica del oficio.<\/p>\n<ol start=\"4\">\n<li><strong>\u00bfCu\u00e1les ser\u00e1n los contenidos que se desarrollar\u00e1n en el segundo m\u00f3dulo Periodismo de investigaci\u00f3n y Datos I?<\/strong><\/li>\n<\/ol>\n<p><strong>G.M. <\/strong>Veremos qu\u00e9 es el periodismo de datos, c\u00f3mo se hace, qu\u00e9 competencias se necesitan, con qui\u00e9nes se hace, d\u00f3nde hallar la informaci\u00f3n, cu\u00e1les bases de datos se debe revisar, c\u00f3mo armar mi propia base de datos, qu\u00e9 herramientas permiten hacer un buen periodismo de datos, c\u00f3mo planear una investigaci\u00f3n con datos y qu\u00e9 formatos narrativos creativos se debe emplear.<\/p>\n<ol start=\"5\">\n<li><strong>\u00bfEn qu\u00e9 aspectos se har\u00e1 \u00e9nfasis en el segundo m\u00f3dulo?&nbsp;&nbsp;<\/strong><\/li>\n<\/ol>\n<p><strong>G.M.<\/strong> En las herramientas digitales para contar y visualizar historias con datos.<\/p>\n<ol start=\"6\">\n<li><strong>\u00bfQu\u00e9 esperas de los periodistas bolivianos que participar\u00e1n del taller?<\/strong><\/li>\n<\/ol>\n<p><strong>G.M.<\/strong> Deseo de compartir, atenci\u00f3n, inter\u00e9s, participaci\u00f3n y sonrisas.<\/p>\n<ol start=\"7\">\n<li><strong>Al finalizar el segundo m\u00f3dulo \u00bfcu\u00e1les ser\u00e1n las competencias adquiridas por los participantes?<\/strong><\/li>\n<\/ol>\n<p><strong>G.M.<\/strong> Aprender a planear; analizar datos e informaci\u00f3n, pensamiento creativo y capacidad para trabajar en equipo.<\/p>\n","protected":false},"excerpt":{"rendered":"<p>\u201cLa Formaci\u00f3n Dual me parece una apuesta innovadora y necesaria\u201d Ginna Morelo es periodista de investigaci\u00f3n colombiana, especializada en Gerencia P\u00fablica y magister en Comunicaci\u00f3n. Es editora del nuevo proyecto Unidad de Datos del peri\u00f3dico EL TIEMPO y presidenta de Consejo de Redacci\u00f3n, organizaci\u00f3n que promueve el periodismo de investigaci\u00f3n en Colombia. Morelo fue invitada&#8230;<\/p>\n","protected":false},"author":1,"featured_media":909,"comment_status":"closed","ping_status":"closed","sticky":false,"template":"","format":"standard","meta":{"footnotes":""},"categories":[16],"tags":[],"class_list":["post-605","post","type-post","status-publish","format-standard","has-post-thumbnail","hentry","category-entrevistas"],"_links":{"self":[{"href":"https:\/\/fundacionperiodismo.org\/formaciondualenperiodismo\/wp-json\/wp\/v2\/posts\/605","targetHints":{"allow":["GET"]}}],"collection":[{"href":"https:\/\/fundacionperiodismo.org\/formaciondualenperiodismo\/wp-json\/wp\/v2\/posts"}],"about":[{"href":"https:\/\/fundacionperiodismo.org\/formaciondualenperiodismo\/wp-json\/wp\/v2\/types\/post"}],"author":[{"embeddable":true,"href":"https:\/\/fundacionperiodismo.org\/formaciondualenperiodismo\/wp-json\/wp\/v2\/users\/1"}],"replies":[{"embeddable":true,"href":"https:\/\/fundacionperiodismo.org\/formaciondualenperiodismo\/wp-json\/wp\/v2\/comments?post=605"}],"version-history":[{"count":4,"href":"https:\/\/fundacionperiodismo.org\/formaciondualenperiodismo\/wp-json\/wp\/v2\/posts\/605\/revisions"}],"predecessor-version":[{"id":935,"href":"https:\/\/fundacionperiodismo.org\/formaciondualenperiodismo\/wp-json\/wp\/v2\/posts\/605\/revisions\/935"}],"wp:featuredmedia":[{"embeddable":true,"href":"https:\/\/fundacionperiodismo.org\/formaciondualenperiodismo\/wp-json\/wp\/v2\/media\/909"}],"wp:attachment":[{"href":"https:\/\/fundacionperiodismo.org\/formaciondualenperiodismo\/wp-json\/wp\/v2\/media?parent=605"}],"wp:term":[{"taxonomy":"category","embeddable":true,"href":"https:\/\/fundacionperiodismo.org\/formaciondualenperiodismo\/wp-json\/wp\/v2\/categories?post=605"},{"taxonomy":"post_tag","embeddable":true,"href":"https:\/\/fundacionperiodismo.org\/formaciondualenperiodismo\/wp-json\/wp\/v2\/tags?post=605"}],"curies":[{"name":"wp","href":"https:\/\/api.w.org\/{rel}","templated":true}]}}