{"id":609,"date":"2019-04-11T14:37:59","date_gmt":"2019-04-11T14:37:59","guid":{"rendered":"https:\/\/fundacionperiodismo.org\/formaciondualenperiodismo\/?p=609"},"modified":"2019-04-23T16:42:08","modified_gmt":"2019-04-23T16:42:08","slug":"entrevista-a-helena-ferro","status":"publish","type":"post","link":"https:\/\/fundacionperiodismo.org\/formaciondualenperiodismo\/entrevista-a-helena-ferro\/","title":{"rendered":"Entrevista a Helena Ferro"},"content":{"rendered":"<h1><strong>\u201cEl periodismo narrativo queda, los informes se olvidan\u201d<\/strong><strong><br \/>\n<\/strong><\/h1>\n<p>Helena Ferro de Gouveia es periodista portuguesa, consultora y&nbsp; entrenadora \u2013 desde 1992 y en DW Akademie desde 2008 \u2013, y es especialista en el Trauma de Guerra (sufrimiento de las v\u00edctimas de conflictos y guerras), Periodismo Sensible de Paz; y Procesos de Paz y Reconciliaci\u00f3n.<\/p>\n<p>Ha trabajado en cuatro continentes: \u00c1frica, Asia, Am\u00e9rica y Europa. Fue periodista y presentadora durante m\u00e1s de 15 a\u00f1os en varios medios de comunicaci\u00f3n internacional (el BBC World Service, DW la Radio para \u00c1frica, etc.)<\/p>\n<p>Ferro lleg\u00f3 a Bolivia, invitada por la Fundaci\u00f3n para el Periodismo para impartir el quinto m\u00f3dulo \u201cPeriodismo Narrativo\u201d que se desarroll\u00f3 del 28 de mayo al 2 de junio en el marco del programa Formaci\u00f3n Dual en Periodismo.<strong><br \/>\n<\/strong><\/p>\n<ol>\n<li><strong>\u00bfQu\u00e9 percepci\u00f3n tienes de los periodistas que participaron del taller?<\/strong><\/li>\n<\/ol>\n<p><strong>H.F.<\/strong> Pienso que tenemos un grupo muy bueno que ya sab\u00edan de la cr\u00f3nica, algo que difiere de lo que hacen todos los d\u00edas. A lo largo de la semana he notado evoluciones, algunos de ellos se liberaron de su estilo muy informativo y empezaron a utilizar los recursos literarios para escribir un texto, que no deja de ser periodismo, y tener todas las reglas el periodismo que es informar, hacerlo de forma seria, con credibilidad, investigando pero utilizando el lenguaje muy vivida, contando la historia, creando im\u00e1genes y dando placer al lector al leer la historia.<\/p>\n<ol start=\"2\">\n<li><strong>\u00bfQu\u00e9 debe hacer un periodista para escribir cr\u00f3nicas?<\/strong><\/li>\n<\/ol>\n<p><strong>H.F.<\/strong> Leer, leer y leer much\u00edsimo. Escribir tambi\u00e9n, revisar lo que escribe y no olvidar nunca las reglas del periodismo que es investigar, chequear los datos, dar el equilibrio, parte y contraparte, pero sobre todo leer a quienes escriben bien y que hacen buen trabajo.<\/p>\n<ol start=\"3\">\n<li><strong>\u00bfC\u00f3mo combinar periodismo con literatura?<\/strong><\/li>\n<\/ol>\n<p><strong>H.F.<\/strong> Todos los periodistas lo pueden hacer, ac\u00e1 se ve que hay un grupo que lee, que se interesa, que conoce a los autores, pero tambi\u00e9n hay periodistas que no lo hacen. No es f\u00e1cil juntar periodismo y literatura, no nos debemos olvidar nunca que periodismo es una cosa y literatura otra, pero podemos tener un periodismo con profundidad, utilizando un lenguaje con mucho m\u00e1s cuidado y contando una historia que nunca m\u00e1s la olvidemos, eso es lo que hacen las grandes cr\u00f3nicas period\u00edsticas. Vimos muchas cr\u00f3nicas de Gabriel Garc\u00eda M\u00e1rquez y Ryszard Kapuscinski. El periodismo narrativo queda, los informes se olvidan.<\/p>\n<ol start=\"4\">\n<li><strong>\u00bfQu\u00e9 diferencias y similitudes pudiste encontrar con los periodistas de otros pa\u00edses?<\/strong><\/li>\n<\/ol>\n<p><strong>H.F.<\/strong> Diferencias siempre hay sobre todo culturales, pero pienso que los grandes temas del periodismo narrativo y esta ligaz\u00f3n de periodismo y literatura son comunes. Hay una gran preocupaci\u00f3n en contar una historia de inter\u00e9s humano, personific\u00e1ndola, dando la voz a los invisibles, eso es com\u00fan entre los periodistas. Claro que en algunos pa\u00edses tienen temas de m\u00e1s actualidad, por ejemplo la cuesti\u00f3n de la injusticia, historias que se quedan sin contar, la b\u00fasqueda de otro \u00e1ngulo de la misma historia, eso es com\u00fan entre los periodistas.&nbsp;<strong><br \/>\n<\/strong><\/p>\n<ol start=\"5\">\n<li><strong>\u00bfQu\u00e9 recomendaciones les dar\u00edas a los periodistas que participaron del taller?<br \/>\n<\/strong><\/li>\n<\/ol>\n<p><strong>H.F.<\/strong> La principal recomendaci\u00f3n es que lean mucho. En el taller hemos revisado a muchos autores que han publicado cr\u00f3nicas, gran reportaje y perfiles; y que se informen. Un buen periodista es alguien que siempre est\u00e1 interesado por la realidad &nbsp;y que hagan el ejercicio de escribir y de mejorar siempre lo que escribe, de corregir lo que escribe.<\/p>\n<ol start=\"6\">\n<li><strong>En Bolivia se desarrolla la segunda versi\u00f3n del programa Formaci\u00f3n Dual en Periodismo \u00bfQu\u00e9 opinas sobre este tipo de formaci\u00f3n?<br \/>\n<\/strong><\/li>\n<\/ol>\n<p><strong>H.F.<\/strong> A m\u00ed me parece muy importante este modelo de formaci\u00f3n porque conjuga el trabajo de los medios, la pr\u00e1ctica, lo cotidiano, el d\u00eda a d\u00eda y despu\u00e9s tienen la oportunidad de asistir a un laboratorio y hacer experiencias y aprender nuevos temas, de estar en un espacio acad\u00e9mico, de debatir con otros periodistas que vienen de otras partes del pa\u00eds y adquirir nuevos conocimientos; y cuando vuelven al taller para un nuevo m\u00f3dulo, ya pudieron emplear lo aprendido en sus medios y tambi\u00e9n reflexionar sobre sus propios aportes. A m\u00ed me gusta mucho este modelo que hace una combinaci\u00f3n con el trabajo pr\u00e1ctico de reflexi\u00f3n que es muy importante en el periodismo que a veces no se hace por falta de tiempo y recursos.<\/p>\n","protected":false},"excerpt":{"rendered":"<p>\u201cEl periodismo narrativo queda, los informes se olvidan\u201d Helena Ferro de Gouveia es periodista portuguesa, consultora y&nbsp; entrenadora \u2013 desde 1992 y en DW Akademie desde 2008 \u2013, y es especialista en el Trauma de Guerra (sufrimiento de las v\u00edctimas de conflictos y guerras), Periodismo Sensible de Paz; y Procesos de Paz y Reconciliaci\u00f3n. Ha&#8230;<\/p>\n","protected":false},"author":1,"featured_media":910,"comment_status":"closed","ping_status":"closed","sticky":false,"template":"","format":"standard","meta":{"footnotes":""},"categories":[16],"tags":[],"class_list":["post-609","post","type-post","status-publish","format-standard","has-post-thumbnail","hentry","category-entrevistas"],"_links":{"self":[{"href":"https:\/\/fundacionperiodismo.org\/formaciondualenperiodismo\/wp-json\/wp\/v2\/posts\/609","targetHints":{"allow":["GET"]}}],"collection":[{"href":"https:\/\/fundacionperiodismo.org\/formaciondualenperiodismo\/wp-json\/wp\/v2\/posts"}],"about":[{"href":"https:\/\/fundacionperiodismo.org\/formaciondualenperiodismo\/wp-json\/wp\/v2\/types\/post"}],"author":[{"embeddable":true,"href":"https:\/\/fundacionperiodismo.org\/formaciondualenperiodismo\/wp-json\/wp\/v2\/users\/1"}],"replies":[{"embeddable":true,"href":"https:\/\/fundacionperiodismo.org\/formaciondualenperiodismo\/wp-json\/wp\/v2\/comments?post=609"}],"version-history":[{"count":7,"href":"https:\/\/fundacionperiodismo.org\/formaciondualenperiodismo\/wp-json\/wp\/v2\/posts\/609\/revisions"}],"predecessor-version":[{"id":933,"href":"https:\/\/fundacionperiodismo.org\/formaciondualenperiodismo\/wp-json\/wp\/v2\/posts\/609\/revisions\/933"}],"wp:featuredmedia":[{"embeddable":true,"href":"https:\/\/fundacionperiodismo.org\/formaciondualenperiodismo\/wp-json\/wp\/v2\/media\/910"}],"wp:attachment":[{"href":"https:\/\/fundacionperiodismo.org\/formaciondualenperiodismo\/wp-json\/wp\/v2\/media?parent=609"}],"wp:term":[{"taxonomy":"category","embeddable":true,"href":"https:\/\/fundacionperiodismo.org\/formaciondualenperiodismo\/wp-json\/wp\/v2\/categories?post=609"},{"taxonomy":"post_tag","embeddable":true,"href":"https:\/\/fundacionperiodismo.org\/formaciondualenperiodismo\/wp-json\/wp\/v2\/tags?post=609"}],"curies":[{"name":"wp","href":"https:\/\/api.w.org\/{rel}","templated":true}]}}