{"id":611,"date":"2019-04-11T14:39:52","date_gmt":"2019-04-11T14:39:52","guid":{"rendered":"https:\/\/fundacionperiodismo.org\/formaciondualenperiodismo\/?p=611"},"modified":"2019-04-23T16:41:56","modified_gmt":"2019-04-23T16:41:56","slug":"entrevista-a-edgar-zamora","status":"publish","type":"post","link":"https:\/\/fundacionperiodismo.org\/formaciondualenperiodismo\/entrevista-a-edgar-zamora\/","title":{"rendered":"Entrevista a Edgar Zamora"},"content":{"rendered":"<h1><strong>\u201cFotoperiodismo, congelar la realidad en una imagen\u201d<\/strong><\/h1>\n<p>Edgar Zamora Orpinel es licenciado en ciencias de la comunicaci\u00f3n, periodista, catedr\u00e1tico universitario, productor audiovisual, gestor cultural y radialista apasionado. Su trabajo en Guatemala ha sido desarrollar medios de comunicaci\u00f3n que incidan positivamente en los y las j\u00f3venes. Es fundador de proyectos como 18-50 Televisi\u00f3n, El Circo del Rock y S\u00f3nica 106.9 F.M.<\/p>\n<p>Zamora llegar\u00e1 a La Paz y del 23 al 28 de julio ser\u00e1 el facilitador del s\u00e9ptimo m\u00f3dulo \u201cFotoperiodismo\u201d del programa Formaci\u00f3n Dual en Periodismo que impulsa la Fundaci\u00f3n para el Periodismo con el apoyo de la Deutsche Welle Akademie y la GIZ.<\/p>\n<p><strong>1 \u00bfQu\u00e9 opini\u00f3n tienes de la Formaci\u00f3n Dual en Periodismo?<\/strong><\/p>\n<p><strong>E.Z.<\/strong> Creo que es una forma magn\u00edfica de aprender periodismo. No se trata solo de aprender la teor\u00eda, pues este tipo de proceso formativo tambi\u00e9n te da la oportunidad de probarla, de vivirla y a la vez de reflexionar sobre su utilidad y de inventarte nuevas y mejores formas de aplicarla. Creo que no solo te hace un periodista m\u00e1s completo, tambi\u00e9n te hace un ciudadano m\u00e1s completo.<\/p>\n<ol start=\"2\">\n<li><strong> \u00bfQu\u00e9 es lo m\u00e1s importante de la Formaci\u00f3n Dual en Periodismo?<\/strong><\/li>\n<\/ol>\n<p><strong>E.Z.<\/strong> Te permite aplicar de inmediato los conocimientos adquiridos y a la vez, te hace m\u00e1s anal\u00edtico.<\/p>\n<ol start=\"3\">\n<li><strong> \u00bfQu\u00e9 es el fotoperiodismo?<\/strong><strong>&nbsp;<\/strong><\/li>\n<\/ol>\n<p><strong>E.Z.<\/strong> Cuando pienso en fotoperiodismo, lo primero que se me viene a la mente es una&nbsp;de mis fotograf\u00edas favoritas de toda la vida: Madre Migrante, de la fotoperiodista estadounidense Dorothea Lange. En realidad es una foto cl\u00e1sica de este g\u00e9nero period\u00edstico y muestra a una madre con sus hijos durante la gran depresi\u00f3n en Estados Unidos. La imagen tiene una atracci\u00f3n est\u00e9tica indescriptible, informa de la dif\u00edcil situaci\u00f3n que se viv\u00eda en ese momento y tambi\u00e9n hace sentir cosas como tristeza, empat\u00eda, enojo, etc.<\/p>\n<p>Para m\u00ed el fotoperiodismo es eso: tener la sensibilidad suficiente para congelar la realidad en una imagen que&nbsp; informa a la audiencia y a la vez la hace&nbsp;sentir cosas. Sin perder de vista que una fotograf\u00eda tambi\u00e9n debe ser arte.<\/p>\n<ol start=\"4\">\n<li><strong> \u00bfCu\u00e1l es la situaci\u00f3n actual del fotoperiodismo?<\/strong><strong>&nbsp;<\/strong><\/li>\n<\/ol>\n<p><strong>E.Z.<\/strong> Creo que estamos viviendo una \u00e9poca interesante. Por un lado, casi cualquier persona tiene acceso a una c\u00e1mara y a un canal para publicar sus fotograf\u00edas y esto ha generado que existan incontables visiones de la realidad y del mundo, para muchos entonces, una fotograf\u00eda ya no es nada tan espectacular, eso exige que los fotoperiodistas salgan de su zona de confort y busquen im\u00e1genes para informar que realmente sobresalgan del resto.<\/p>\n<p>Por el otro, con la edici\u00f3n digital se han facilitado y acelerado muchos procesos, pero tambi\u00e9n ha generado que existan much\u00edsimas fotograf\u00edas \u201cmentirosas\u201d.<\/p>\n<p>Sin embargo, la facilidad que la tecnolog\u00eda supone tambi\u00e9n ha venido generar nuevas formas de hacer fotoperiodismo y sobre todo nuevas formas de llegar a cada vez m\u00e1s personas al rededor del mundo.<\/p>\n<ol start=\"5\">\n<li><strong> \u00bfQu\u00e9 se requiere para ser fotoperiodista?<\/strong><strong>&nbsp;<\/strong><\/li>\n<\/ol>\n<p><strong>E.Z.<\/strong> Pasi\u00f3n, creatividad, vocaci\u00f3n por comunicar.<\/p>\n<ol start=\"6\">\n<li><strong> \u00bfC\u00f3mo funciona la t\u00e9cnica fotogr\u00e1fica?&nbsp;<\/strong><strong>&nbsp;<\/strong><\/li>\n<\/ol>\n<p><strong>E.Z.<\/strong> Existen de t\u00e9cnicas a t\u00e9cnicas. Pero en realidad creo que lo m\u00e1s importante es estar consciente de lo que se quiere comunicar cuando se toma una fotograf\u00eda: qu\u00e9 se deja dentro y que se deja fuera del cuadro.<\/p>\n<ol start=\"7\">\n<li><strong> \u00bfQu\u00e9 necesita una fotograf\u00eda para ser calificada como \u201cbuena foto\u201d?&nbsp;<\/strong><strong>&nbsp;<\/strong><\/li>\n<\/ol>\n<p><strong>E.Z.<\/strong> En mi opini\u00f3n necesita tener un sentido est\u00e9tico, que m\u00e1s all\u00e1 de una composici\u00f3n perfecta, depender\u00e1 de lo que la fotograf\u00eda quiere transmitir, de c\u00f3mo lo transmite y de lo que&nbsp;hace sentir a la persona que la ve.<\/p>\n<ol start=\"8\">\n<li><strong> \u00bfQu\u00e9 contenidos se ver\u00e1n en el taller de fotoperiodismo?&nbsp;<\/strong><strong>&nbsp;<\/strong><\/li>\n<\/ol>\n<p><strong>E.Z.<\/strong> En el taller aprenderemos los b\u00e1sicos de la fotograf\u00eda. Iluminaci\u00f3n, composici\u00f3n fotogr\u00e1fica, edici\u00f3n digital y sobre todo c\u00f3mo tomar fotograf\u00edas que cuenten historias, que comuniquen, que digan algo. Adem\u00e1s aprenderemos entre todos y todas a valorar las buenas fotograf\u00edas y entender el impacto que \u00e9stas puedan tener en las personas que las ven.<\/p>\n<ol start=\"9\">\n<li><strong> \u00bfQu\u00e9 esperas de los periodistas que participar\u00e1n del taller?<\/strong><strong>&nbsp;<\/strong><\/li>\n<\/ol>\n<p><strong>E.Z.<\/strong> Que participen, que se animen a buscarle el lado inesperado a las cosas, que sean creativos o creativas y que juntos guiemos el taller hacia una experiencia \u00fanica, llena de fotograf\u00edas que nos hagan sentir.<\/p>\n<ol start=\"10\">\n<li><strong> Al finalizar el taller \u00bfcu\u00e1les ser\u00e1n las competencias que adquirir\u00e1n los participantes?<\/strong><strong>&nbsp;<\/strong><\/li>\n<\/ol>\n<p><strong>E.Z.<\/strong> Todos y todas seremos capaces de valorar el medio fotogr\u00e1fico como una fascinante herramienta de expresi\u00f3n e informaci\u00f3n. Seremos capaces de informar y comunicar a trav\u00e9s de im\u00e1genes.<\/p>\n","protected":false},"excerpt":{"rendered":"<p>\u201cFotoperiodismo, congelar la realidad en una imagen\u201d Edgar Zamora Orpinel es licenciado en ciencias de la comunicaci\u00f3n, periodista, catedr\u00e1tico universitario, productor audiovisual, gestor cultural y radialista apasionado. Su trabajo en Guatemala ha sido desarrollar medios de comunicaci\u00f3n que incidan positivamente en los y las j\u00f3venes. Es fundador de proyectos como 18-50 Televisi\u00f3n, El Circo del&#8230;<\/p>\n","protected":false},"author":1,"featured_media":906,"comment_status":"closed","ping_status":"closed","sticky":false,"template":"","format":"standard","meta":{"footnotes":""},"categories":[16],"tags":[],"class_list":["post-611","post","type-post","status-publish","format-standard","has-post-thumbnail","hentry","category-entrevistas"],"_links":{"self":[{"href":"https:\/\/fundacionperiodismo.org\/formaciondualenperiodismo\/wp-json\/wp\/v2\/posts\/611","targetHints":{"allow":["GET"]}}],"collection":[{"href":"https:\/\/fundacionperiodismo.org\/formaciondualenperiodismo\/wp-json\/wp\/v2\/posts"}],"about":[{"href":"https:\/\/fundacionperiodismo.org\/formaciondualenperiodismo\/wp-json\/wp\/v2\/types\/post"}],"author":[{"embeddable":true,"href":"https:\/\/fundacionperiodismo.org\/formaciondualenperiodismo\/wp-json\/wp\/v2\/users\/1"}],"replies":[{"embeddable":true,"href":"https:\/\/fundacionperiodismo.org\/formaciondualenperiodismo\/wp-json\/wp\/v2\/comments?post=611"}],"version-history":[{"count":4,"href":"https:\/\/fundacionperiodismo.org\/formaciondualenperiodismo\/wp-json\/wp\/v2\/posts\/611\/revisions"}],"predecessor-version":[{"id":932,"href":"https:\/\/fundacionperiodismo.org\/formaciondualenperiodismo\/wp-json\/wp\/v2\/posts\/611\/revisions\/932"}],"wp:featuredmedia":[{"embeddable":true,"href":"https:\/\/fundacionperiodismo.org\/formaciondualenperiodismo\/wp-json\/wp\/v2\/media\/906"}],"wp:attachment":[{"href":"https:\/\/fundacionperiodismo.org\/formaciondualenperiodismo\/wp-json\/wp\/v2\/media?parent=611"}],"wp:term":[{"taxonomy":"category","embeddable":true,"href":"https:\/\/fundacionperiodismo.org\/formaciondualenperiodismo\/wp-json\/wp\/v2\/categories?post=611"},{"taxonomy":"post_tag","embeddable":true,"href":"https:\/\/fundacionperiodismo.org\/formaciondualenperiodismo\/wp-json\/wp\/v2\/tags?post=611"}],"curies":[{"name":"wp","href":"https:\/\/api.w.org\/{rel}","templated":true}]}}