{"id":613,"date":"2019-04-11T14:40:50","date_gmt":"2019-04-11T14:40:50","guid":{"rendered":"https:\/\/fundacionperiodismo.org\/formaciondualenperiodismo\/?p=613"},"modified":"2019-04-23T16:41:30","modified_gmt":"2019-04-23T16:41:30","slug":"entrevista-a-andreu-jerez","status":"publish","type":"post","link":"https:\/\/fundacionperiodismo.org\/formaciondualenperiodismo\/entrevista-a-andreu-jerez\/","title":{"rendered":"Entrevista a Andreu Jerez"},"content":{"rendered":"<h1><strong>\u201cEl periodismo audiovisual tiene su propio lenguaje\u201d<\/strong><\/h1>\n<p>Andreu Jerez es un periodista <em>freelance <\/em>de vocaci\u00f3n multimedia, editor y autor residente en Berl\u00edn. Con una d\u00e9cada de experiencia como reportero y videreportero, ha trabajado para numerosos medios en la cobertura de asuntos internacionales como las elecciones alemanas, el crecimiento de la ultraderecha en la Uni\u00f3n Europea o la llamada crisis de refugiados. Andreu es experto en pol\u00edtica y econom\u00eda alemanas, adem\u00e1s de tener un gran inter\u00e9s por la informaci\u00f3n internacional, especialmente por la latinoamericana.<\/p>\n<p>Jerez fue el facilitador del octavo m\u00f3dulo \u201cPeriodismo Audiovisual\u201d de la Formaci\u00f3n Dual en Periodismo que se desarroll\u00f3 del 20 al 25 de agosto en instalaciones de la Fundaci\u00f3n para el Periodismo.<\/p>\n<ol>\n<li><strong>\u00bfQu\u00e9 opinas de la Formaci\u00f3n Dual en Periodismo?<\/strong><\/li>\n<\/ol>\n<p><strong>A.J.<\/strong> La Formaci\u00f3n Dual es, sin duda, un modelo educativo con grandes ventajas: combina el conocimiento te\u00f3rico con la aplicaci\u00f3n pr\u00e1ctica. Y eso es fundamental en la profesi\u00f3n period\u00edstica. De hecho, por experiencia propia, puedo decir que los periodistas se forman realmente en las redacciones de los medios. En las facultades universitarias puedes acumular una serie de conocimientos y lecturas m\u00e1s o menos \u00fatiles para la profesi\u00f3n, pero al final esta se aprende ejerci\u00e9ndola.<\/p>\n<ol start=\"2\">\n<li><strong>\u00bfQu\u00e9 es lo primordial de la Formaci\u00f3n Dual en Periodismo?<\/strong><\/li>\n<\/ol>\n<p><strong>A.J.<\/strong> En mi opini\u00f3n, lo primordial es que el modelo de Formaci\u00f3n Dual se adapte a las necesidades del periodismo boliviano. De nada sirve importar un modelo educativo muy extendido en Alemania si no acabamos entendiendo cu\u00e1les son las necesidades y expectativas de los j\u00f3venes periodistas bolivianos. M\u00e1s all\u00e1 de eso, creo que tambi\u00e9n es primordial que los j\u00f3venes periodistas desarrollen sus propias ideas y proyectos. Para ello, la formaci\u00f3n dual es s\u00f3lo un medio, y no un fin en s\u00ed mismo.<\/p>\n<ol start=\"3\">\n<li><strong>\u00bfC\u00f3mo se debe entender el Periodismo Audiovisual?<\/strong><\/li>\n<\/ol>\n<p><strong>A.J.<\/strong> El periodismo audiovisual no deja de ser una v\u00eda para contar historias. Evidentemente, no es lo mismo el lenguaje audiovisual que el radiof\u00f3nico o que un texto impreso o digital. El periodismo audiovisual tiene su propio lenguaje, sus propios recursos, sus propias reglas m\u00e1s o menos t\u00e1citas. Pero, al fin y al cabo, se trata de contar una historia. En el caso del periodismo audiovisual, si queremos ejercerlo de manera m\u00e1s o menos exitosa, primero debemos entender que la imagen es la que manda. El poder de la imagen es la herramienta fundamental que nos ayudar\u00e1 a contar la historia que queremos contar a trav\u00e9s del lenguaje audiovisual. Luego hay otros elementos como la honestidad, la veracidad, la rigurosidad y la \u00e9tica period\u00edstica que nos ayudar\u00e1n a conseguir un buen reportaje o una cr\u00f3nica redonda.<\/p>\n<ol start=\"4\">\n<li><strong>\u00bfCu\u00e1l es la situaci\u00f3n actual del Periodismo Audiovisual?<\/strong><\/li>\n<\/ol>\n<p><strong>A.J.<\/strong> La situaci\u00f3n del periodismo, en general, es complicada. Sabemos que los modelos de negocios tradicionales han entrado en crisis por Internet, la hiperinformaci\u00f3n, las redes sociales y la revoluci\u00f3n tecnol\u00f3gica. El periodismo audiovisual, en concreto, tampoco escapa a esa crisis. Los canales de televisi\u00f3n tradicional tienen menos medios que antes y es m\u00e1s complicado vivir de ello. De todas formas, gracias precisamente a la mencionada revoluci\u00f3n tecnol\u00f3gica, tambi\u00e9n se abren enormes posibilidades para arrancar proyectos period\u00edsticos audiovisuales independientes. Si tenemos una buena historia que contar, manejamos el lenguaje audiovisual y un m\u00ednimo equipo t\u00e9cnico, hoy se pueden hacer trabajos independientes con un presupuesto muy bajo que pueden encontrar su propio p\u00fablico en la Red.<\/p>\n<ol start=\"5\">\n<li><strong>\u00bfCu\u00e1les son las nuevas formas narrativas para televisi\u00f3n?<\/strong><\/li>\n<\/ol>\n<p><strong>A.J.<\/strong> El webvideo y los productos audiovisuales producidos exclusivamente para internet est\u00e1n cada vez agarrando m\u00e1s fuerza. Tal vez tengamos que preguntarnos si deber\u00edamos dejar de producir reportajes audiovisuales con la mente puesta exclusivamente en la televisi\u00f3n lineal tradicional, y comenzar a producir productos pensados para Internet y que tengan su espacio natural en el mundo digital y las redes sociales.<\/p>\n<p>La explosi\u00f3n de los reportajes period\u00edsticos audiovisuales producidos para ser consumidos en las webs de los diarios es una se\u00f1al de cu\u00e1l es el camino. Creo que el futuro periodismo ser\u00e1 multimedia (texto, audio y video integrados para contar una sola historia) o no ser\u00e1.<\/p>\n","protected":false},"excerpt":{"rendered":"<p>\u201cEl periodismo audiovisual tiene su propio lenguaje\u201d Andreu Jerez es un periodista freelance de vocaci\u00f3n multimedia, editor y autor residente en Berl\u00edn. Con una d\u00e9cada de experiencia como reportero y videreportero, ha trabajado para numerosos medios en la cobertura de asuntos internacionales como las elecciones alemanas, el crecimiento de la ultraderecha en la Uni\u00f3n Europea&#8230;<\/p>\n","protected":false},"author":1,"featured_media":907,"comment_status":"closed","ping_status":"closed","sticky":false,"template":"","format":"standard","meta":{"footnotes":""},"categories":[16],"tags":[],"class_list":["post-613","post","type-post","status-publish","format-standard","has-post-thumbnail","hentry","category-entrevistas"],"_links":{"self":[{"href":"https:\/\/fundacionperiodismo.org\/formaciondualenperiodismo\/wp-json\/wp\/v2\/posts\/613","targetHints":{"allow":["GET"]}}],"collection":[{"href":"https:\/\/fundacionperiodismo.org\/formaciondualenperiodismo\/wp-json\/wp\/v2\/posts"}],"about":[{"href":"https:\/\/fundacionperiodismo.org\/formaciondualenperiodismo\/wp-json\/wp\/v2\/types\/post"}],"author":[{"embeddable":true,"href":"https:\/\/fundacionperiodismo.org\/formaciondualenperiodismo\/wp-json\/wp\/v2\/users\/1"}],"replies":[{"embeddable":true,"href":"https:\/\/fundacionperiodismo.org\/formaciondualenperiodismo\/wp-json\/wp\/v2\/comments?post=613"}],"version-history":[{"count":3,"href":"https:\/\/fundacionperiodismo.org\/formaciondualenperiodismo\/wp-json\/wp\/v2\/posts\/613\/revisions"}],"predecessor-version":[{"id":931,"href":"https:\/\/fundacionperiodismo.org\/formaciondualenperiodismo\/wp-json\/wp\/v2\/posts\/613\/revisions\/931"}],"wp:featuredmedia":[{"embeddable":true,"href":"https:\/\/fundacionperiodismo.org\/formaciondualenperiodismo\/wp-json\/wp\/v2\/media\/907"}],"wp:attachment":[{"href":"https:\/\/fundacionperiodismo.org\/formaciondualenperiodismo\/wp-json\/wp\/v2\/media?parent=613"}],"wp:term":[{"taxonomy":"category","embeddable":true,"href":"https:\/\/fundacionperiodismo.org\/formaciondualenperiodismo\/wp-json\/wp\/v2\/categories?post=613"},{"taxonomy":"post_tag","embeddable":true,"href":"https:\/\/fundacionperiodismo.org\/formaciondualenperiodismo\/wp-json\/wp\/v2\/tags?post=613"}],"curies":[{"name":"wp","href":"https:\/\/api.w.org\/{rel}","templated":true}]}}