{"id":28,"date":"2025-05-02T11:54:24","date_gmt":"2025-05-02T15:54:24","guid":{"rendered":"https:\/\/fundacionperiodismo.org\/medio-ambiente\/?p=28"},"modified":"2025-05-15T16:44:27","modified_gmt":"2025-05-15T20:44:27","slug":"deforestacion-agroquimicos-y-el-macororo-amenazan-la-produccion-de-miel-en-villa-montes","status":"publish","type":"post","link":"https:\/\/fundacionperiodismo.org\/medio-ambiente\/deforestacion-agroquimicos-y-el-macororo-amenazan-la-produccion-de-miel-en-villa-montes\/","title":{"rendered":"Deforestaci\u00f3n, agroqu\u00edmicos y el macoror\u00f3 amenazan la producci\u00f3n de miel en Villa Montes"},"content":{"rendered":"<body><p><iframe src=\"https:\/\/www.noticiasfides.com\/investigaciones-anf\/deforestacion-agroquimicos-y-el-macororo-amenazan-la-produccion-de-miel-en-villa-montes\/articulo-principal\" width=\"100%\" height=\"700\"><span style=\"display: inline-block; width: 0px; overflow: hidden; line-height: 0;\" data-mce-type=\"bookmark\" class=\"mce_SELRES_start\">\ufeff<\/span><\/iframe><\/p>\n<\/body>","protected":false},"excerpt":{"rendered":"<p>Medio ambiente 1 Medio ambiente 1 Medio ambiente 1 Medio ambiente 1 Medio ambiente 1 Medio ambiente 1<\/p>\n","protected":false},"author":1,"featured_media":220,"comment_status":"closed","ping_status":"closed","sticky":false,"template":"","format":"standard","meta":{"om_disable_all_campaigns":false,"footnotes":""},"categories":[3],"tags":[],"class_list":["post-28","post","type-post","status-publish","format-standard","has-post-thumbnail","hentry","category-reportaje"],"jetpack_featured_media_url":"https:\/\/fundacionperiodismo.org\/medio-ambiente\/wp-content\/uploads\/2025\/05\/WhatsApp-Image-2025-05-15-at-16.43.15-e1747703662972.jpeg","rttpg_featured_image_url":{"full":["https:\/\/fundacionperiodismo.org\/medio-ambiente\/wp-content\/uploads\/2025\/05\/WhatsApp-Image-2025-05-15-at-16.43.15-e1747703662972.jpeg",816,548,false],"landscape":["https:\/\/fundacionperiodismo.org\/medio-ambiente\/wp-content\/uploads\/2025\/05\/WhatsApp-Image-2025-05-15-at-16.43.15-e1747703662972.jpeg",816,548,false],"portraits":["https:\/\/fundacionperiodismo.org\/medio-ambiente\/wp-content\/uploads\/2025\/05\/WhatsApp-Image-2025-05-15-at-16.43.15-e1747703662972.jpeg",816,548,false],"thumbnail":["https:\/\/fundacionperiodismo.org\/medio-ambiente\/wp-content\/uploads\/2025\/05\/WhatsApp-Image-2025-05-15-at-16.43.15-e1747703662972-150x150.jpeg",150,150,true],"medium":["https:\/\/fundacionperiodismo.org\/medio-ambiente\/wp-content\/uploads\/2025\/05\/WhatsApp-Image-2025-05-15-at-16.43.15-e1747703662972-300x201.jpeg",300,201,true],"large":["https:\/\/fundacionperiodismo.org\/medio-ambiente\/wp-content\/uploads\/2025\/05\/WhatsApp-Image-2025-05-15-at-16.43.15-1024x454.jpeg",1024,454,true],"1536x1536":["https:\/\/fundacionperiodismo.org\/medio-ambiente\/wp-content\/uploads\/2025\/05\/WhatsApp-Image-2025-05-15-at-16.43.15-1536x682.jpeg",1536,682,true],"2048x2048":["https:\/\/fundacionperiodismo.org\/medio-ambiente\/wp-content\/uploads\/2025\/05\/WhatsApp-Image-2025-05-15-at-16.43.15-e1747703662972.jpeg",816,548,false]},"rttpg_author":{"display_name":"admin","author_link":"https:\/\/fundacionperiodismo.org\/medio-ambiente\/author\/admin\/"},"rttpg_comment":0,"rttpg_category":"<a href=\"https:\/\/fundacionperiodismo.org\/medio-ambiente\/category\/reportaje\/\" rel=\"category tag\">Reportaje<\/a>","rttpg_excerpt":"Medio ambiente 1 Medio ambiente 1 Medio ambiente 1 Medio ambiente 1 Medio ambiente 1 Medio ambiente 1","_links":{"self":[{"href":"https:\/\/fundacionperiodismo.org\/medio-ambiente\/wp-json\/wp\/v2\/posts\/28","targetHints":{"allow":["GET"]}}],"collection":[{"href":"https:\/\/fundacionperiodismo.org\/medio-ambiente\/wp-json\/wp\/v2\/posts"}],"about":[{"href":"https:\/\/fundacionperiodismo.org\/medio-ambiente\/wp-json\/wp\/v2\/types\/post"}],"author":[{"embeddable":true,"href":"https:\/\/fundacionperiodismo.org\/medio-ambiente\/wp-json\/wp\/v2\/users\/1"}],"replies":[{"embeddable":true,"href":"https:\/\/fundacionperiodismo.org\/medio-ambiente\/wp-json\/wp\/v2\/comments?post=28"}],"version-history":[{"count":3,"href":"https:\/\/fundacionperiodismo.org\/medio-ambiente\/wp-json\/wp\/v2\/posts\/28\/revisions"}],"predecessor-version":[{"id":221,"href":"https:\/\/fundacionperiodismo.org\/medio-ambiente\/wp-json\/wp\/v2\/posts\/28\/revisions\/221"}],"wp:featuredmedia":[{"embeddable":true,"href":"https:\/\/fundacionperiodismo.org\/medio-ambiente\/wp-json\/wp\/v2\/media\/220"}],"wp:attachment":[{"href":"https:\/\/fundacionperiodismo.org\/medio-ambiente\/wp-json\/wp\/v2\/media?parent=28"}],"wp:term":[{"taxonomy":"category","embeddable":true,"href":"https:\/\/fundacionperiodismo.org\/medio-ambiente\/wp-json\/wp\/v2\/categories?post=28"},{"taxonomy":"post_tag","embeddable":true,"href":"https:\/\/fundacionperiodismo.org\/medio-ambiente\/wp-json\/wp\/v2\/tags?post=28"}],"curies":[{"name":"wp","href":"https:\/\/api.w.org\/{rel}","templated":true}]}}