{"id":1123,"date":"2022-05-27T19:44:38","date_gmt":"2022-05-27T19:44:38","guid":{"rendered":"https:\/\/fundacionperiodismo.org\/periodismo-por-una-vida-sin-violencia\/?p=1123"},"modified":"2022-05-27T19:44:38","modified_gmt":"2022-05-27T19:44:38","slug":"en-5-meses-feminicidas-les-arrebataron-sus-madres-a-63-hijos-e-hijas","status":"publish","type":"post","link":"https:\/\/fundacionperiodismo.org\/periodismo-por-una-vida-sin-violencia\/en-5-meses-feminicidas-les-arrebataron-sus-madres-a-63-hijos-e-hijas\/","title":{"rendered":"En 5 meses, feminicidas les arrebataron sus madres a 63 hijos e hijas"},"content":{"rendered":"<body><p style=\"text-align: center;\">Las y los menores de edad tienen derecho a crecer libres de violencia,<br>\nen hogares donde est\u00e9n protegidos de toda agresi\u00f3n (foto: Pixabay).<\/p>\n<p>\u00a0<\/p>\n<p><em>De 40 asesinatos, el 60% (23 casos) fue cometido en contra de mujeres que eran madres. La mayor\u00eda de los hu\u00e9rfanos (el 70%) son menores de edad que, por lo general, pasan a ser tutelados por las abuelas y t\u00edas. El Estado a\u00fan no tiene un plan o pol\u00edtica integral que beneficie a las v\u00edctimas colaterales de los cr\u00edmenes en raz\u00f3n de g\u00e9nero.<\/em><\/p>\n<p>\u00a0<\/p>\n<p>Red de Periodismo para una Vida Libre de Violencia<br>\nCon datos de la Coordinadora de la Mujer<\/p>\n<p>\u00a0<\/p>\n<p>En los primeros cinco meses de 2022, 40 feminicidios fueron cometidos en el pa\u00eds; el 60% de las v\u00edctimas eran madres, por lo que los asesinos dejaron a 63 hijos e hijas de diversas edades en la orfandad.<\/p>\n<p>Un seguimiento realizado por el Observatorio de G\u00e9nero de la Coordinadora de la Mujer, con base en datos de la Fiscal\u00eda General del Estado y la Polic\u00eda Boliviana, da cuenta de que 23 de las 40 v\u00edctimas de feminicidio ten\u00edan al menos un hijo o hija.<\/p>\n<p>La mayor\u00eda de los hu\u00e9rfanos (70%) son menores de edad. La relaci\u00f3n por departamento de los hijos e hijas en orfandad es la siguiente: 26 est\u00e1n en Santa Cruz; 22 en Cochabamba; ocho en Beni; seis en La Paz; y uno en Potos\u00ed.<\/p>\n<p>El resto de sus familiares tambi\u00e9n se ven afectados, pues adem\u00e1s de lidiar con el duelo y los procesos judiciales en busca de justicia, deben hacerse cargo de las hijas e hijos, labor que, por lo general, recae en las abuelas y las t\u00edas.<\/p>\n<p>As\u00ed lo demuestran el caso de Jenny y Maida. La primera fue asesinada por su expareja en Cochabamba. Producto del feminicidio, una ni\u00f1a de cinco a\u00f1os y su hermanito de dos resultaron hu\u00e9rfanos; ahora, ambos est\u00e1n al cuidado de su abuela materna. En tanto que el crimen contra Maida se cometi\u00f3 en Santa Cruz, donde tres ni\u00f1os, de nueve, siete y dos a\u00f1os, quedaron en la orfandad. La abuela materna tambi\u00e9n se hizo cargo de los menores de edad.<\/p>\n<p>Sin embargo, adultos tambi\u00e9n se enfrentan a esta tragedia cuando los victimarios les arrebatan a sus madres. La v\u00edctima que m\u00e1s descendientes ten\u00eda era Silveria, mujer de 73 a\u00f1os asesinada el 8 de mayo por su pareja en Yapacan\u00ed (Santa Cruz), cuyos ocho hijos e hijas lloran su p\u00e9rdida.<\/p>\n<p>\u00a0<\/p>\n<p><strong>Urge un plan integral ante la indefensi\u00f3n<\/strong><\/p>\n<p>La Coordinadora de la Mujer recuerda que \u201clas y los hu\u00e9rfanos por feminicidio son las v\u00edctimas colaterales de la forma m\u00e1s extrema de violencia en raz\u00f3n de g\u00e9nero. Organizaciones que trabajan por los derechos de las mujeres en el pa\u00eds exigen al Estado boliviano un plan integral de implementaci\u00f3n inmediata que no s\u00f3lo enfrente este flagelo con acciones de prevenci\u00f3n y sanci\u00f3n, sino que tambi\u00e9n considere la situaci\u00f3n de las y los hijos que quedaron en la indefensi\u00f3n tras la p\u00e9rdida de sus madres y, eventualmente, de sus padres o padrastros, cuando \u00e9stos son los feminicidas\u201d.<\/p>\n<p>Tania S\u00e1nchez, directora ejecutiva de la Coordinadora de la Mujer, sostiene que \u201ces necesario articular desde distintas instancias del Estado acciones integrales en beneficio de las v\u00edctimas colaterales y olvidadas del feminicidio\u201d.<\/p>\n<p>S\u00e1nchez advierte que la normativa vigente en esta materia se centra en el procedimiento para otorgar la guarda legal de las y los hu\u00e9rfanos menores de edad y no repara en las necesidades particulares que puedan tener a ra\u00edz de los feminicidios de sus madres.<\/p>\n<p>El art\u00edculo 36 de la Ley 348, Ley Integral para Garantizar a las Mujeres una Vida Libre de Violencia, establece que, \u201csi a consecuencia de un delito de feminicidio cometido por el c\u00f3nyuge o conviviente quedaran hijas e hijos menores de edad hu\u00e9rfanos, \u00e9stos ser\u00e1n puestos de inmediato bajo custodia de los abuelos u otro familiar cercano por l\u00ednea materna, con el acompa\u00f1amiento de la Defensor\u00eda de la Ni\u00f1ez y Adolescencia en tanto se establezca la guarda legal, debiendo acceder toda la familia al sistema de protecci\u00f3n de v\u00edctimas y testigos del Ministerio P\u00fablico y al sistema de atenci\u00f3n que esta Ley prev\u00e9\u201d.<\/p>\n<p>En el pasado reciente, entr\u00f3 en el debate p\u00fablico la necesidad de que el Estado otorgue alg\u00fan tipo de pensi\u00f3n para la manutenci\u00f3n, crianza y educaci\u00f3n de las y los hu\u00e9rfanos, considerando que quedaron privados de la protecci\u00f3n y cuidados de sus madres y padres, seg\u00fan el caso. Pero esta iniciativa a\u00fan no prosper\u00f3.<\/p>\n<\/body>","protected":false},"excerpt":{"rendered":"<p>Las y los menores de edad tienen derecho a crecer libres de violencia, en hogares donde est\u00e9n protegidos de toda agresi\u00f3n (foto: Pixabay). \u00a0 De 40 asesinatos, el 60% (23 casos) fue cometido en contra de mujeres que eran madres. La mayor\u00eda de los hu\u00e9rfanos (el 70%) son menores de edad que, por lo general, [&hellip;]<\/p>\n","protected":false},"author":3,"featured_media":1124,"comment_status":"closed","ping_status":"open","sticky":false,"template":"","format":"standard","meta":{"om_disable_all_campaigns":false,"_jetpack_memberships_contains_paid_content":false,"footnotes":""},"categories":[1],"tags":[],"class_list":["post-1123","post","type-post","status-publish","format-standard","has-post-thumbnail","hentry","category-nota"],"jetpack_featured_media_url":"https:\/\/i0.wp.com\/fundacionperiodismo.org\/periodismo-por-una-vida-sin-violencia\/wp-content\/uploads\/2022\/05\/oveja.jpg?fit=800%2C533&ssl=1","jetpack_sharing_enabled":true,"_links":{"self":[{"href":"https:\/\/fundacionperiodismo.org\/periodismo-por-una-vida-sin-violencia\/wp-json\/wp\/v2\/posts\/1123","targetHints":{"allow":["GET"]}}],"collection":[{"href":"https:\/\/fundacionperiodismo.org\/periodismo-por-una-vida-sin-violencia\/wp-json\/wp\/v2\/posts"}],"about":[{"href":"https:\/\/fundacionperiodismo.org\/periodismo-por-una-vida-sin-violencia\/wp-json\/wp\/v2\/types\/post"}],"author":[{"embeddable":true,"href":"https:\/\/fundacionperiodismo.org\/periodismo-por-una-vida-sin-violencia\/wp-json\/wp\/v2\/users\/3"}],"replies":[{"embeddable":true,"href":"https:\/\/fundacionperiodismo.org\/periodismo-por-una-vida-sin-violencia\/wp-json\/wp\/v2\/comments?post=1123"}],"version-history":[{"count":3,"href":"https:\/\/fundacionperiodismo.org\/periodismo-por-una-vida-sin-violencia\/wp-json\/wp\/v2\/posts\/1123\/revisions"}],"predecessor-version":[{"id":1127,"href":"https:\/\/fundacionperiodismo.org\/periodismo-por-una-vida-sin-violencia\/wp-json\/wp\/v2\/posts\/1123\/revisions\/1127"}],"wp:featuredmedia":[{"embeddable":true,"href":"https:\/\/fundacionperiodismo.org\/periodismo-por-una-vida-sin-violencia\/wp-json\/wp\/v2\/media\/1124"}],"wp:attachment":[{"href":"https:\/\/fundacionperiodismo.org\/periodismo-por-una-vida-sin-violencia\/wp-json\/wp\/v2\/media?parent=1123"}],"wp:term":[{"taxonomy":"category","embeddable":true,"href":"https:\/\/fundacionperiodismo.org\/periodismo-por-una-vida-sin-violencia\/wp-json\/wp\/v2\/categories?post=1123"},{"taxonomy":"post_tag","embeddable":true,"href":"https:\/\/fundacionperiodismo.org\/periodismo-por-una-vida-sin-violencia\/wp-json\/wp\/v2\/tags?post=1123"}],"curies":[{"name":"wp","href":"https:\/\/api.w.org\/{rel}","templated":true}]}}