{"id":1187,"date":"2022-05-30T04:31:18","date_gmt":"2022-05-30T04:31:18","guid":{"rendered":"https:\/\/fundacionperiodismo.org\/periodismo-por-una-vida-sin-violencia\/?p=1187"},"modified":"2022-05-30T04:31:51","modified_gmt":"2022-05-30T04:31:51","slug":"como-cineastas-nuestras-propuestas-no-deben-ser-moralistas-y-limitadas-sino-rebeldes-y-cuestionadoras","status":"publish","type":"post","link":"https:\/\/fundacionperiodismo.org\/periodismo-por-una-vida-sin-violencia\/como-cineastas-nuestras-propuestas-no-deben-ser-moralistas-y-limitadas-sino-rebeldes-y-cuestionadoras\/","title":{"rendered":"&#8220;Como cineastas, nuestras propuestas no deben ser moralistas y limitadas, sino rebeldes y cuestionadoras&#8221;"},"content":{"rendered":"<body><p><\/p>\n<p style=\"text-align: center;\">Denisse Arancibia, cineasta boliviana cuyas propuestas interpelan al sistema<br>\n(foto: Opini\u00f3n, v\u00eda Facebook)<\/p>\n<p>\u00a0<\/p>\n<p><em>La boliviana Denisse Arancibia Flores, actriz y directora de cine y teatro, conversa con la Red de Periodismo para una Vida Libre de Violencia sobre el potencial que tiene el cine como herramienta de transformaci\u00f3n. Entre otros, afirma que jam\u00e1s se identific\u00f3 con las formas en que el s\u00e9ptimo arte represent\u00f3 y representa a las mujeres, raz\u00f3n por la cual crea y propone personajes disidentes.<\/em><\/p>\n<p>\u00a0<\/p>\n<p>Por Josu\u00e9 Daza<br>\nEdici\u00f3n: Patricia Cusicanqui<\/p>\n<p>La directora, guionista y actriz Denisse Arancibia Flores (La Paz, 1982) reflexiona acerca del cine boliviano hecho por mujeres, \u201cdesde su propia visi\u00f3n y para contar sus propias historias\u201d. Reivindica las artes como un mecanismo de interpelaci\u00f3n al sistema, pero considera que, lejos de etiquetar o encasillar las diversas propuestas en alg\u00fan g\u00e9nero o postura pol\u00edtico-filos\u00f3fica, el p\u00fablico deber\u00eda acercase a ellas sin preconceptos.<\/p>\n<p>Su pel\u00edcula, <em>Las Malcogidas<\/em> (2017), que protagoniza y dirige a la vez, gan\u00f3 el premio a Mejor Largometraje del Premio Plurinacional Eduardo Avaroa (2018). Adem\u00e1s, fue proyecto ganador del BolivaLab 2010, y distinguido en el primer foro de coproducci\u00f3n del Festival de Cine de San Sebasti\u00e1n \u2013 Espa\u00f1a.<\/p>\n<p>Como rese\u00f1a la p\u00e1gina del Festival de Cine de Madrid, <em>Las Malcogidas<\/em> narra la historia de Carmen, una mujer con sobrepeso que jam\u00e1s experiment\u00f3 un orgasmo y est\u00e1 enamorada de su vecino \u00c1lvaro. Vive con su delgado hermano Honorio, quien se hace llamar Karmen con \u201cK\u201d; y con su narcol\u00e9ptica, bul\u00edmica y gordof\u00f3bica abuela Carmen, qui\u00e9n asegura que todas las mujeres de su familia son gen\u00e9ticamente anorg\u00e1smicas. Carmen intentar\u00e1 complacer a su abuela bajando de peso y sobre todo intentar\u00e1 combatir la maldici\u00f3n familiar para lograr, por fin, tener un orgasmo.<\/p>\n<p>\u00a0<\/p>\n<p><img data-recalc-dims=\"1\" decoding=\"async\" class=\"aligncenter size-full wp-image-1194\" src=\"https:\/\/i0.wp.com\/fundacionperiodismo.org\/periodismo-por-una-vida-sin-violencia\/wp-content\/uploads\/2022\/05\/las-malcogidas-2.jpg?resize=499%2C256&#038;ssl=1\" alt=\"Las Malcogidas Internet\" width=\"499\" height=\"256\" loading=\"lazy\" srcset=\"https:\/\/i0.wp.com\/fundacionperiodismo.org\/periodismo-por-una-vida-sin-violencia\/wp-content\/uploads\/2022\/05\/las-malcogidas-2.jpg?w=499&amp;ssl=1 499w, https:\/\/i0.wp.com\/fundacionperiodismo.org\/periodismo-por-una-vida-sin-violencia\/wp-content\/uploads\/2022\/05\/las-malcogidas-2.jpg?resize=300%2C154&amp;ssl=1 300w\" sizes=\"auto, (max-width: 499px) 100vw, 499px\" \/><\/p>\n<p style=\"text-align: center;\">Una de las escenas de la producci\u00f3n cinematogr\u00e1fica (foto: internet)<\/p>\n<p>\u00a0<\/p>\n<p>\u00a0<\/p>\n<p><strong>\u2014 \u00bfC\u00f3mo podemos entender el cine feminista?<\/strong><\/p>\n<p>El feminismo es una postura pol\u00edtica, filos\u00f3fica y social en la vida de muchas mujeres. As\u00ed que, es dif\u00edcil casarla con las artes como si fuera un \u201cg\u00e9nero\u201d, como qui\u00e9n dice \u201ccine de terror\u201d o \u201ccine negro\u201d. El feminismo puede aparecer impl\u00edcitamente a trav\u00e9s de las propuestas art\u00edsticas de diferentes realizadoras mujeres que comulguen con dicha postura y movimiento social.<\/p>\n<p>\u00a0<\/p>\n<p><strong>\u2014 \u00bfLa producci\u00f3n cinematogr\u00e1fica boliviana incorpora esta noci\u00f3n?<\/strong><\/p>\n<p>Hay cine hecho por mujeres, cada vez un poco m\u00e1s. A\u00f1os atr\u00e1s era muy escaso. Dicho eso, puede o no ser cine feminista, dependiendo de la postura de las directoras, guionistas y productoras.<\/p>\n<p>\u00a0<\/p>\n<p><strong>\u2014 \u00bfC\u00f3mo se debe entender el cine desde la visi\u00f3n de la mujer contando sus propias historias?<\/strong><\/p>\n<p>Se debe entender tal cual, como un cine contado por mujeres desde su propia visi\u00f3n. Suena obvio, pero no por ser mujeres \u2013tal vez con una sensibilidad distinta ante las historias que necesitamos contar\u2013 esperamos una decodificaci\u00f3n diferenciada de nuestras propuestas solo por una cuesti\u00f3n de g\u00e9nero.<\/p>\n<p>El p\u00fablico deber\u00eda poder acercarse a nuestras pel\u00edculas sin necesidad de etiquetarlas y prejuzgarlas por el hecho de ser pel\u00edculas pensadas y realizadas por mujeres.<\/p>\n<p>En todo caso, es inevitable que por ahora haya esta diferenciaci\u00f3n que, creo, a las cineastas no nos incomoda del todo. No queremos hacer cine de hombres, machista y patriarcal. Ese cine se viene haciendo muchos a\u00f1os atr\u00e1s, pero tampoco queremos ser encasilladas en un \u201cg\u00e9nero\u201d por un preconcepto desde el p\u00fablico.<\/p>\n<p>\u00a0<\/p>\n<p><strong>\u2014 \u00bfEs dif\u00edcil para una mujer incursionar en el cine?<\/strong><\/p>\n<p>Cada vez menos dif\u00edcil, porque somos las mismas mujeres quienes estamos intentando apoyar a las colegas e intentamos generar entre nosotras espacios de formaci\u00f3n y trabajo a salvo.<\/p>\n<p>El problema no es \u201cincursionar\u201d. El problema es enfrentarse al micromanchismo, al machismo y al acoso dentro del rubro cinematogr\u00e1fico boliviano. Ah\u00ed es donde todo se torna a\u00fan m\u00e1s dif\u00edcil.<\/p>\n<p>\u00a0<\/p>\n<p><strong>\u2014 En <em>Las Malcogidas<\/em> se habla sobre el orgasmo femenino, el tab\u00fa de la sexualidad y los estereotipos sobre la mujer. En una sociedad machista, como la boliviana, \u00bfqu\u00e9 reto signific\u00f3 proponer estas tem\u00e1ticas en su proyecto?<\/strong><\/p>\n<p>Hacer cine en Bolivia es un reto muy grande m\u00e1s all\u00e1 de la historia que se pretende contar. A m\u00ed no me interesa hablar de cosas que no signifiquen una urgencia para m\u00ed misma. Y la representaci\u00f3n de la mujer en la pantalla grande es algo que vengo viendo desde que nac\u00ed, con la cual jam\u00e1s me sent\u00ed identifica. Es por eso que decido crear personajes disidentes y, a la vez, mucho m\u00e1s reales que los estereotipos implantados por el cine mundial y comercial.<\/p>\n<p>El tema de la sexualidad tambi\u00e9n me parece urgente, vivimos en un pa\u00eds conservador, desinformado e hip\u00f3crita respecto a la sexualidad. Y me parec\u00eda urgente, y me sigue pareciendo necesario, reflexionar al respecto desde el arte.<\/p>\n<p>\u00a0<\/p>\n<p><strong>\u2014 \u00bfQu\u00e9 tipo de narrativas y qu\u00e9 formas de construir de personajes se deben tomar en cuenta para contar historias reales y sanas sobre la realidad de las mujeres bolivianas en el cine?<\/strong><\/p>\n<p>El cine debe considerar todos los tipos de narrativas posibles. Se debe entender como una herramienta muy diversa, debemos dejar de creer que la l\u00ednea convencional es el \u00fanico camino para contar historias.<\/p>\n<p>Las historias de las mujeres reales no necesariamente ser\u00e1n sanas y alegres, la realidad en la que vivimos necesita todo tipo de formas de expresi\u00f3n. Pero, desde el arte se tratar de seguir luchando contra el patriarcado y el machismo.<\/p>\n<p>\u00a0<\/p>\n<p><strong>\u2014 Al contar una historia, cada recurso cuenta, \u00bfc\u00f3mo se gestionan estos recursos para narrar una historia como <em>Las Malcogidas<\/em>?<\/strong><\/p>\n<p>El cine es el arte m\u00e1s joven, por tanto, se alimenta de todos los dem\u00e1s artes. Una pel\u00edcula, sea cual sea la historia, no puede ser ni existir sin la influencia de todas las artes: letras, fotograf\u00eda, m\u00fasica, pintura, teatro, etc\u00e9tera.<\/p>\n<p>Los sets, la narraci\u00f3n, la actuaci\u00f3n, la est\u00e9tica, la decisi\u00f3n de d\u00f3nde poner la c\u00e1mara y qu\u00e9 hacer dentro del cuadro deber\u00edan trabajarse desde todos los recursos art\u00edsticos posibles.<\/p>\n<p>\u00a0<\/p>\n<p><strong>\u2014 Tras haber marcado un hito en el cine nacional con su pel\u00edcula \u00bfcu\u00e1l el nivel de aceptaci\u00f3n que vio para el cine feminista en Bolivia?<\/strong><\/p>\n<p>No s\u00e9 si he marcado un hito con mi pel\u00edcula, no es una etiqueta que busque ni de la cual me interese hacerme cargo. S\u00ed siento que soy parte de una generaci\u00f3n de cineastas mujeres m\u00e1s articuladas, que estamos planteando un cine desde nosotras mismas.<\/p>\n<p>Inevitablemente es un cine que est\u00e1 abriendo p\u00fablicos que antes estaban invisibilizados, al no encontrar sus historias y cuerpos reflejados en las pantallas. Eso est\u00e1 cambiando ahora.<\/p>\n<p>La aceptaci\u00f3n del p\u00fablico convencional, machista y conservador no es algo que nos interese alcanzar.<\/p>\n<p>\u00a0<\/p>\n<p><strong>\u2014 \u00bfTiene el cine poder como herramienta educativa, de deconstrucci\u00f3n y denuncia para cambiar la realidad nacional en cuanto a la discriminaci\u00f3n, el sexismo y los estereotipos?<\/strong><\/p>\n<p>S\u00ed, el cine es una herramienta masiva y tiene un poder muy fuerte en la vida de las personas.<\/p>\n<p>Como realizadoras tenemos una responsabilidad ante el p\u00fablico desde nuestras propuestas, que no tienen que ser una responsabilidad moralista y limitada, sino todo lo contrario. Debe ser rebeldes y cuestionadoras.<\/p>\n<p>\u00a0<\/p>\n<p><strong>\u2014 Finalmente, \u00bfqu\u00e9 pel\u00edculas feministas se deber\u00edan ver s\u00ed o s\u00ed como referentes globales?<\/strong><\/p>\n<p>El cine escrito y dirigido por mujeres es enorme y lleva a\u00f1os existiendo en manos de maestras como Jane Campion o Lucrecia Martel. Pero, solo con una lista de nombres y t\u00edtulos no har\u00eda justicia a todo lo que se est\u00e1 generando.<\/p>\n<p>Sin embargo, s\u00ed me interesa mucho visibilizar los nombres de mujeres cineastas bolivianas como, por ejemplo: Gabriela Paz, Catalina Razinni, Geraldine Ovando, Mar\u00eda Galindo, Julia Vargas, Raquel Romero, Liliana de la Quintana, Andrea Camponovo, Victoria Guerrero, Pilar Groux, Maite Tarilonte, Carina Oroza, Viviana Saavedra, entre otras.<\/p>\n<p>Podr\u00eda seguir con esta lista por muchas p\u00e1ginas m\u00e1s. Ac\u00e1 menciono a pocas, amigas cercanas, colegas directoras, guionistas y productoras. Pero, las mujeres trabajamos en todas las \u00e1reas y, en Bolivia, somos cientos de trabajadoras en el audiovisual.<\/p>\n<p>Estoy en una etapa de mi vida en que me interesa m\u00e1s aprender esos nombres y conocer esos trabajos que mirar los referentes extranjeros, que, si bien son important\u00edsimos, no dejan de ser ajenos.<\/p>\n<p>\u00a0<\/p>\n<p><img data-recalc-dims=\"1\" decoding=\"async\" class=\"aligncenter size-large wp-image-1192\" src=\"https:\/\/i0.wp.com\/fundacionperiodismo.org\/periodismo-por-una-vida-sin-violencia\/wp-content\/uploads\/2022\/05\/poster-las-malcogidas.jpg?resize=640%2C914&#038;ssl=1\" alt=\"Poster Las malcogidas\" width=\"640\" height=\"914\" loading=\"lazy\" srcset=\"https:\/\/i0.wp.com\/fundacionperiodismo.org\/periodismo-por-una-vida-sin-violencia\/wp-content\/uploads\/2022\/05\/poster-las-malcogidas.jpg?resize=717%2C1024&amp;ssl=1 717w, https:\/\/i0.wp.com\/fundacionperiodismo.org\/periodismo-por-una-vida-sin-violencia\/wp-content\/uploads\/2022\/05\/poster-las-malcogidas.jpg?resize=210%2C300&amp;ssl=1 210w, https:\/\/i0.wp.com\/fundacionperiodismo.org\/periodismo-por-una-vida-sin-violencia\/wp-content\/uploads\/2022\/05\/poster-las-malcogidas.jpg?resize=768%2C1098&amp;ssl=1 768w, https:\/\/i0.wp.com\/fundacionperiodismo.org\/periodismo-por-una-vida-sin-violencia\/wp-content\/uploads\/2022\/05\/poster-las-malcogidas.jpg?resize=1075%2C1536&amp;ssl=1 1075w, https:\/\/i0.wp.com\/fundacionperiodismo.org\/periodismo-por-una-vida-sin-violencia\/wp-content\/uploads\/2022\/05\/poster-las-malcogidas.jpg?w=1433&amp;ssl=1 1433w, https:\/\/i0.wp.com\/fundacionperiodismo.org\/periodismo-por-una-vida-sin-violencia\/wp-content\/uploads\/2022\/05\/poster-las-malcogidas.jpg?w=1280&amp;ssl=1 1280w\" sizes=\"auto, (max-width: 640px) 100vw, 640px\" \/><\/p>\n<p style=\"text-align: center;\">Cr\u00e9dito: Facebook Las Malcogidas<\/p>\n<p><\/p>\n<\/body>","protected":false},"excerpt":{"rendered":"<p>Denisse Arancibia, cineasta boliviana cuyas propuestas interpelan al sistema (foto: Opini\u00f3n, v\u00eda Facebook) \u00a0 La boliviana Denisse Arancibia Flores, actriz y directora de cine y teatro, conversa con la Red de Periodismo para una Vida Libre de Violencia sobre el potencial que tiene el cine como herramienta de transformaci\u00f3n. Entre otros, afirma que jam\u00e1s se [&hellip;]<\/p>\n","protected":false},"author":3,"featured_media":1188,"comment_status":"closed","ping_status":"open","sticky":false,"template":"","format":"standard","meta":{"om_disable_all_campaigns":false,"_jetpack_memberships_contains_paid_content":false,"footnotes":""},"categories":[4],"tags":[],"class_list":["post-1187","post","type-post","status-publish","format-standard","has-post-thumbnail","hentry","category-entrevistas"],"jetpack_featured_media_url":"https:\/\/i0.wp.com\/fundacionperiodismo.org\/periodismo-por-una-vida-sin-violencia\/wp-content\/uploads\/2022\/05\/Denisse-ok.jpg?fit=800%2C600&ssl=1","jetpack_sharing_enabled":true,"_links":{"self":[{"href":"https:\/\/fundacionperiodismo.org\/periodismo-por-una-vida-sin-violencia\/wp-json\/wp\/v2\/posts\/1187","targetHints":{"allow":["GET"]}}],"collection":[{"href":"https:\/\/fundacionperiodismo.org\/periodismo-por-una-vida-sin-violencia\/wp-json\/wp\/v2\/posts"}],"about":[{"href":"https:\/\/fundacionperiodismo.org\/periodismo-por-una-vida-sin-violencia\/wp-json\/wp\/v2\/types\/post"}],"author":[{"embeddable":true,"href":"https:\/\/fundacionperiodismo.org\/periodismo-por-una-vida-sin-violencia\/wp-json\/wp\/v2\/users\/3"}],"replies":[{"embeddable":true,"href":"https:\/\/fundacionperiodismo.org\/periodismo-por-una-vida-sin-violencia\/wp-json\/wp\/v2\/comments?post=1187"}],"version-history":[{"count":4,"href":"https:\/\/fundacionperiodismo.org\/periodismo-por-una-vida-sin-violencia\/wp-json\/wp\/v2\/posts\/1187\/revisions"}],"predecessor-version":[{"id":1196,"href":"https:\/\/fundacionperiodismo.org\/periodismo-por-una-vida-sin-violencia\/wp-json\/wp\/v2\/posts\/1187\/revisions\/1196"}],"wp:featuredmedia":[{"embeddable":true,"href":"https:\/\/fundacionperiodismo.org\/periodismo-por-una-vida-sin-violencia\/wp-json\/wp\/v2\/media\/1188"}],"wp:attachment":[{"href":"https:\/\/fundacionperiodismo.org\/periodismo-por-una-vida-sin-violencia\/wp-json\/wp\/v2\/media?parent=1187"}],"wp:term":[{"taxonomy":"category","embeddable":true,"href":"https:\/\/fundacionperiodismo.org\/periodismo-por-una-vida-sin-violencia\/wp-json\/wp\/v2\/categories?post=1187"},{"taxonomy":"post_tag","embeddable":true,"href":"https:\/\/fundacionperiodismo.org\/periodismo-por-una-vida-sin-violencia\/wp-json\/wp\/v2\/tags?post=1187"}],"curies":[{"name":"wp","href":"https:\/\/api.w.org\/{rel}","templated":true}]}}