{"id":1216,"date":"2022-05-31T20:53:02","date_gmt":"2022-05-31T20:53:02","guid":{"rendered":"https:\/\/fundacionperiodismo.org\/periodismo-por-una-vida-sin-violencia\/?p=1216"},"modified":"2022-05-31T22:28:35","modified_gmt":"2022-05-31T22:28:35","slug":"buenas-practicas-que-salvan-vidas-y-previenen-la-violencia-de-genero-en-cuatro-municipios","status":"publish","type":"post","link":"https:\/\/fundacionperiodismo.org\/periodismo-por-una-vida-sin-violencia\/buenas-practicas-que-salvan-vidas-y-previenen-la-violencia-de-genero-en-cuatro-municipios\/","title":{"rendered":"Buenas pr\u00e1cticas que salvan vidas y previenen la violencia de g\u00e9nero en cuatro municipios"},"content":{"rendered":"<body><p><\/p>\n<p style=\"text-align: center;\">Representantes de 29 municipios cruce\u00f1os se reunieron para compartir iniciativas y buenas pr\u00e1cticas<br>\npara frenar la violencia machista (fotos: Solidar Suiza).<\/p>\n<p>\u00a0<\/p>\n<p><em>Iniciativas ejecutadas en el \u00e1mbito local, con escasos recursos pero alta participaci\u00f3n de la comunidad, comienzan a rendir frutos. El objetivo com\u00fan es prevenir y erradicar todas las formas de violencia en contra de las mujeres y hacerlas sostenibles en el tiempo.<\/em><\/p>\n<p>\u00a0<\/p>\n<p>Por Patricia Cusicanqui Hanssen<\/p>\n<p>Concientizar, prevenir, tomar acci\u00f3n contra la violencia y salvar vidas son los objetivos de una serie de iniciativas dise\u00f1adas y ejecutadas desde el \u00e1mbito municipal para prevenir y luchar contra la violencia. Alianzas estrat\u00e9gicas con entidades p\u00fablicas y privadas, adem\u00e1s de la sociedad civil, permiten su sostenibilidad.<\/p>\n<p>Durante el encuentro intermunicipal \u201cHacia nuevos horizontes, por una vida libre de violencia hacia las mujeres\u201d, realizado en Santa Cruz de la Sierra a mediados de mayo con el apoyo de Solidar Suiza y la Agencia Sueca de Desarrollo Internacional (ASDI), representantes de 29 municipios cruce\u00f1os intercambiaron sus buenas pr\u00e1cticas con la idea de fortalecer la lucha contra la violencia.<\/p>\n<p>V\u00edctor Rojas, t\u00e9cnico distrital de Educaci\u00f3n en Buena Vista, explic\u00f3 que en la cita compartieron los logros de su municipio, pero tambi\u00e9n cosecharon conocimiento. \u201cHa sido muy bonita la experiencia porque he aprendido mucho sobre c\u00f3mo otros municipios est\u00e1n trabajando en contra de la violencia. Esas buenas pr\u00e1cticas tambi\u00e9n las vamos a aplicar en Buena Vista\u201d, dijo.<\/p>\n<p>Por su lado, Gabriela Antezana, directora del Servicio Legal Integral Municipal (SLIM) y la Defensor\u00eda de Puerto Quijarro, asegur\u00f3 sentirse muy feliz al saber que \u201ctantos municipios abrazan proyectos para erradicar la violencia y que tantas personas trabajan por eso. De aqu\u00ed me estoy llevando varias experiencias para implementar en nuestro municipio. De eso se trata, de compartir lo bueno para mejorarlo y aplicarlo\u201d.<\/p>\n<p>A continuaci\u00f3n, se recogen cuatro iniciativas de alto impacto compartidas en el encuentro.<\/p>\n<p>\u00a0<\/p>\n<p><span style=\"color: #800080;\"><strong>CHARAGUA TENDR\u00c1, AL FIN, UN ASIENTO FISCAL Y UNA OFICINA DE LA FELCC<\/strong><\/span><\/p>\n<p>Las y los pobladores del municipio de Charagua est\u00e1n muy cerca de hacer realidad un gran anhelo: por primera vez, contar\u00e1n en su territorio con un asiento fiscal que les garantice el acceso a la justicia, en particular a las mujeres que sufren alg\u00fan de tipo de violencia, pues este logro naci\u00f3 a iniciativa del Servicio Legal Integral Municipal (SLIM) del Gobierno Aut\u00f3nomo Ind\u00edgena Campesino Charagua Iyambae.<\/p>\n<p>La presencia del Ministerio P\u00fablico en el Territorio Aut\u00f3nomo Guaran\u00ed Charagua Iyambae, uno de los primeros de Bolivia en reconocerse como municipio ind\u00edgena, evitar\u00e1 que las v\u00edctimas de violencia deban viajar por horas hasta otra comuna para poder denunciar a sus agresores. Dejar a sus hijos e hijas en casa e invertir tiempo y dinero en ello pr\u00e1cticamente las obligaba a desistir de abrir una causa o a apartarse del caso, en particular a aquellas que habitan zonas lejanas y carecen de recursos econ\u00f3micos.<\/p>\n<p>Pero esto era solo una parte del problema, pues la ausencia de un asiento p\u00fablico y de oficinas de la Fuerza Especial Contra el Crimen (FELCC) las expon\u00eda una y otra vez a la revictimizaci\u00f3n, dado que deb\u00edan narrar su historia repetidas veces a cuanta autoridad o instancia p\u00fablica recurr\u00edan.<\/p>\n<p>\u201cUno de los temas que analiz\u00e1bamos era c\u00f3mo evitar la revictimizaci\u00f3n. En municipios como el nuestro, donde no contamos con un asiento fiscal y solo tenemos polic\u00eda de Tr\u00e1nsito, debemos ir a Cabezas para poder formalizar denuncias. No solo es agotador para la v\u00edctima, sino que la violencia es progresiva y el agresor no se detienen mientras no se le ponga un alto\u201d, explica Olga Fabiola S\u00e1nchez, responsable de SLIM.<\/p>\n<p>Por ello, su oficina se dio a la tarea de incidir en la agenda de prioridades de las autoridades locales: alcalde (o coordinador del Ejecutivo, como se le llama en la autonom\u00eda ind\u00edgena), concejales y secretarios municipales. Y lo lograron. Para lo que queda del a\u00f1o, consiguieron un presupuesto que apoye a la Fiscal\u00eda en sus operaciones dentro de su territorio, pero lo m\u00e1s importante es que desde 2023 estos recursos estar\u00e1n consignados en el Plan Operativo Anual (POA).<\/p>\n<p>\u201cYa hay un presupuesto para tener el asiento fiscal y la FELCC entre julio y diciembre. Y a partir del pr\u00f3ximo a\u00f1o estar\u00e1 en el POA, para que sea sostenible y s\u00f3lido. As\u00ed vamos a evitar que las mujeres violentadas deban viajar ocho horas para buscar justicia y habr\u00e1 atenci\u00f3n optima, oportuna y r\u00e1pida. Se consigui\u00f3 concientizar a las autoridades municipales de que luchar contra la violencia es tarea de todos y debemos involucrarnos\u201d, afirma S\u00e1nchez.<\/p>\n<p>\u00a0<\/p>\n<p><img data-recalc-dims=\"1\" decoding=\"async\" class=\"aligncenter size-large wp-image-1220\" src=\"https:\/\/i0.wp.com\/fundacionperiodismo.org\/periodismo-por-una-vida-sin-violencia\/wp-content\/uploads\/2022\/05\/charagua.jpeg?resize=640%2C480&#038;ssl=1\" alt=\"Charagua\" width=\"640\" height=\"480\" loading=\"lazy\" srcset=\"https:\/\/i0.wp.com\/fundacionperiodismo.org\/periodismo-por-una-vida-sin-violencia\/wp-content\/uploads\/2022\/05\/charagua.jpeg?resize=1024%2C768&amp;ssl=1 1024w, https:\/\/i0.wp.com\/fundacionperiodismo.org\/periodismo-por-una-vida-sin-violencia\/wp-content\/uploads\/2022\/05\/charagua.jpeg?resize=300%2C225&amp;ssl=1 300w, https:\/\/i0.wp.com\/fundacionperiodismo.org\/periodismo-por-una-vida-sin-violencia\/wp-content\/uploads\/2022\/05\/charagua.jpeg?resize=768%2C576&amp;ssl=1 768w, https:\/\/i0.wp.com\/fundacionperiodismo.org\/periodismo-por-una-vida-sin-violencia\/wp-content\/uploads\/2022\/05\/charagua.jpeg?w=1040&amp;ssl=1 1040w\" sizes=\"auto, (max-width: 640px) 100vw, 640px\" \/><\/p>\n<p>\u00a0<\/p>\n<p>Esta conquista, promovida por el SLIM, se alcanz\u00f3 a trav\u00e9s de una alianza estrat\u00e9gica entre las autoridades del municipio ind\u00edgena, representantes de sus instituciones y la sociedad civil, que reunidos en diversas oportunidades analizaron las opciones que ten\u00edan para materializar esta sentida demanda.<\/p>\n<p>\u201cGracias al Proyecto Vida sin Violencia, en el marco de nuestra iniciativa \u2018Mujer Libre, Mujer Fuerte\u2019, hemos logrado alianzas estrat\u00e9gicas dentro del territorio municipal ind\u00edgena para que las autoridades hagan un compromiso serio que se plasme en un documento y generemos una agenda de acuerdos que sea sostenible\u201d, expone S\u00e1nchez.<\/p>\n<p>En efecto, esta es una de muchas iniciativas desarrolladas en Charagua para prevenir y erradicar la violencia de g\u00e9nero. Ya tienen una red de lucha contra la violencia conformada por representantes de casi todas sus instituciones; capacitan a ni\u00f1os, ni\u00f1as, adolescentes, j\u00f3venes, mujeres y padres de familia; han formado a promotoras comunitarias que atienden casos en zonas alejadas; distribuyen material educativo e informativo y han fortalecido el SLIM y la Defensor\u00eda.<\/p>\n<p>\u201cCuando llegu\u00e9 al SILM estaba sola, sin equipo multidisciplinario. Yo era psic\u00f3loga, trabajadora social y abogada al mismo tiempo. Hoy somos dos abogados una trabajadora social y una psic\u00f3loga, y tengo un hermoso equipo de las promotoras comunitarias\u201d, comenta con orgullo la responsable del SLIM.<\/p>\n<p>El Territorio Aut\u00f3nomo Guaran\u00ed Charagua Iyambae pertenece a la provincia Cordillera del departamento de Santa Cruz y est\u00e1 distante de la capital oriental a cerca de seis horas de viaje por carretera. Seg\u00fan el Instituto Nacional de Estad\u00edstica (INE), para 2020, el n\u00famero proyectado de habitantes era de 40.500.<\/p>\n<p>\u00a0<\/p>\n<p><span style=\"color: #800080;\"><strong>ASCENSI\u00d3N DE GUARAYOS FORTALECE EL SLIM Y LA DEFENSOR\u00cdA CON PRESUPUESTO Y PERSONAL<\/strong><\/span><\/p>\n<p>En los municipios intermedios y peque\u00f1os, la gesti\u00f3n local suele apostar por el progreso a partir de la inversi\u00f3n en infraestructura y obras tangibles. El desarrollo humano es escasamente priorizado, pero en el \u00faltimo tiempo, el municipio de Ascensi\u00f3n de Guarayos se ha convertido en un ejemplo de la importancia que tiene el invertir para el desarrollo desde el enfoque social.<\/p>\n<p>El que fuera un Servicio Legal Integral Municipal (SLIM) postergado y sin incidencia es hoy una de sus unidades m\u00e1s fortalecidas y con mayor reconocimiento de parte de la poblaci\u00f3n, pues tanto el SLIM como la Defensor\u00eda se han constituido en los brazos operativos que mayor empat\u00eda y apoyo brindan a los sectores m\u00e1s postergados y vulnerables, sobre todo mujeres, ni\u00f1as, ni\u00f1os y adolescentes expuestas\/os a diferentes formas de violencia.<\/p>\n<p>\u201cCon el trabajo que hemos hecho, hemos conseguido que se entienda que el SLIM y la Defensor\u00eda son muy importantes. Nuestro Alcalde se sensibiliz\u00f3 y dice que nos admira, que se pone la mano al pecho y reconoce el trabajo. Gracias a ello ya somos seis personas en el equipo, no solo dos como al principio, y ya tenemos un propio POA (Plan Operativo Anual de unidad) y una partida presupuestaria, recursos ya no se invierten \u00fanicamente en el pago de salarios)\u201d, explica Ang\u00e9lica Chuvir\u00fa Portocarrerro, responsable SLIM.<\/p>\n<p>Como sucede con la mayor\u00eda de sus pares, a Chuvir\u00fa le toc\u00f3 hacer de secretaria, abogada, trabajadora social y psic\u00f3loga cuando mujeres v\u00edctimas de violencia acud\u00edan a esas oficinas en busca de socorro y\/o asesor\u00eda. Hoy, que tienen un equipo de especialistas, consiguen prestar mayor y mejor atenci\u00f3n a las vecinas de Ascensi\u00f3n de Guarayos.<\/p>\n<p>Pero eso no es todo, con el impulso que recibieron, conformaron alianzas estrat\u00e9gicas con las entidades p\u00fablicas y privadas y con la sociedad civil (gremiales, maestros, asociaci\u00f3n de padres de familia, transportistas y otros) para luchar contra la violencia y prevenirla. \u201cHemos logrado que tomen conciencia sobre la problem\u00e1tica para que esta iniciativa salga a flote y todos los involucrados se comprometan con ella\u201d, afirma.<\/p>\n<p>A trav\u00e9s de talleres, charlas y campa\u00f1as comunicacionales en redes sociales llegan a la poblaci\u00f3n de toda edad con mensajes de prevenci\u00f3n y de reflexi\u00f3n, tanto para evitar el recrudecimiento de la violencia como para que se denuncien los excesos como corresponde.<\/p>\n<p>\u00a0<\/p>\n<p><img data-recalc-dims=\"1\" decoding=\"async\" class=\"aligncenter size-large wp-image-1221\" src=\"https:\/\/i0.wp.com\/fundacionperiodismo.org\/periodismo-por-una-vida-sin-violencia\/wp-content\/uploads\/2022\/05\/WhatsApp-Image-2022-05-31-at-4.04.12-PM.jpeg?resize=640%2C381&#038;ssl=1\" alt=\"Promotoras Ascensi\u00f3n Guarayos\" width=\"640\" height=\"381\" loading=\"lazy\" srcset=\"https:\/\/i0.wp.com\/fundacionperiodismo.org\/periodismo-por-una-vida-sin-violencia\/wp-content\/uploads\/2022\/05\/WhatsApp-Image-2022-05-31-at-4.04.12-PM.jpeg?resize=1024%2C609&amp;ssl=1 1024w, https:\/\/i0.wp.com\/fundacionperiodismo.org\/periodismo-por-una-vida-sin-violencia\/wp-content\/uploads\/2022\/05\/WhatsApp-Image-2022-05-31-at-4.04.12-PM.jpeg?resize=300%2C178&amp;ssl=1 300w, https:\/\/i0.wp.com\/fundacionperiodismo.org\/periodismo-por-una-vida-sin-violencia\/wp-content\/uploads\/2022\/05\/WhatsApp-Image-2022-05-31-at-4.04.12-PM.jpeg?resize=768%2C456&amp;ssl=1 768w, https:\/\/i0.wp.com\/fundacionperiodismo.org\/periodismo-por-una-vida-sin-violencia\/wp-content\/uploads\/2022\/05\/WhatsApp-Image-2022-05-31-at-4.04.12-PM.jpeg?w=1124&amp;ssl=1 1124w\" sizes=\"auto, (max-width: 640px) 100vw, 640px\" \/><\/p>\n<p>\u00a0<\/p>\n<p>Tambi\u00e9n han logrado conformar y capacitar a una red de promotoras de lucha contra la violencia, conformada por mujeres voluntarias que habitan zonas rurales del municipio e intervienen all\u00ed donde el Estado no tiene presencia. Ellas orientan y sostienen a las v\u00edctimas y, si corresponde, tambi\u00e9n allanan el camino para la denuncia. \u201cSabemos que las promotoras hacen un trabajo <em>ad honorem<\/em>, es un servicio social que brindan a su poblaci\u00f3n de coraz\u00f3n y nosotros valoramos mucho eso\u201d, celebra Chuvir\u00fa.<\/p>\n<p>Pero las promotoras comunitarias no son las \u00fanicas que trabajan sin remuneraci\u00f3n, una joven comunicadora del municipio se ha comprometido tambi\u00e9n con la iniciativa y entrega su tiempo y trabajo a la causa. \u201cQuiero dar las gracias a la comunicadora que no es funcionaria p\u00fablica y sin embargo se compromete con la promoci\u00f3n de la prevenci\u00f3n de la violencia\u201d, dice.<\/p>\n<p>Ascensi\u00f3n de Guarayos es la capital de la provincia Guarayos, situada en el noroeste departamento de Santa Cruz, a unas cuatro horas y media de viaje desde la capital cruce\u00f1a. Se calcula que este territorio aut\u00f3nomo tiene cerca de 27.000 habitantes.<\/p>\n<p>\u00a0<\/p>\n<p><span style=\"color: #800080;\"><strong>CON ACTIVIDADES RECREATIVAS, SAN ANTONIO DE LOMER\u00cdO PROMUEVE LA PREVENCI\u00d3N DE LA VIOLENCIA<\/strong><\/span><\/p>\n<p>En San Antonio de Lomer\u00edo, los \u00edndices de violencia dom\u00e9stica, sobre todo, psicol\u00f3gica y econ\u00f3mica, preocupan a la Alcald\u00eda. Por ello, idearon una iniciativa que fomenta la participaci\u00f3n de las mujeres en actividades recreativas fuera del hogar con la finalidad de informar y formar a las participantes en prevenci\u00f3n de la violencia, normativa vigente y mecanismos para la denuncia.<\/p>\n<p>El proyecto se denomina \u201cMujer, date tiempo\u201d y una de las convocatorias con mayor respuesta fue la del campeonato de zumba, sesiones que sirvieron para hablar, reflexionar y tomar acci\u00f3n sobre las diversas formas de expresi\u00f3n de la violencia. Adicionalmente, los encuentros motivaron a las participantes a salir de sus casas, haciendo que sus parejas admitieran y reconocieran su derecho a reunirse libremente, formarse, capacitarse y recrearse con responsabilidad y en un ambiente seguro.<\/p>\n<p>\u201cPensamos mucho en el nombre y nos quedamos con \u2018Mujer, date tiempo\u2019, que peg\u00f3 mucho, porque por lo general las mujeres no nos damos tiempo para nosotras mismas y nuestras necesidades al estar dedicadas plenamente a las actividades del hogar y a los hijos e hijas. El primer encuentro de zumba fue novedoso y el campeonato, espectacular\u201d, expone Rosmery Vivero Parapaino, responsable de la iniciativa de comunicaci\u00f3n de San Antonio de Lomer\u00edo.<\/p>\n<p>Las sesiones no solo propiciaron el derecho de las mujeres a desarrollar sus propias actividades, sino que fueron empleadas para brindarles informaci\u00f3n y capacitarlas.<\/p>\n<p>\u00a0<\/p>\n<p><img data-recalc-dims=\"1\" decoding=\"async\" class=\"aligncenter size-large wp-image-1145\" src=\"https:\/\/i0.wp.com\/fundacionperiodismo.org\/periodismo-por-una-vida-sin-violencia\/wp-content\/uploads\/2022\/05\/WhatsApp-Image-2022-05-27-at-4.50.57-PM.jpeg?resize=640%2C426&#038;ssl=1\" alt=\"S.A. Lomer\u00edo\" width=\"640\" height=\"426\" loading=\"lazy\" srcset=\"https:\/\/i0.wp.com\/fundacionperiodismo.org\/periodismo-por-una-vida-sin-violencia\/wp-content\/uploads\/2022\/05\/WhatsApp-Image-2022-05-27-at-4.50.57-PM.jpeg?resize=1024%2C682&amp;ssl=1 1024w, https:\/\/i0.wp.com\/fundacionperiodismo.org\/periodismo-por-una-vida-sin-violencia\/wp-content\/uploads\/2022\/05\/WhatsApp-Image-2022-05-27-at-4.50.57-PM.jpeg?resize=300%2C200&amp;ssl=1 300w, https:\/\/i0.wp.com\/fundacionperiodismo.org\/periodismo-por-una-vida-sin-violencia\/wp-content\/uploads\/2022\/05\/WhatsApp-Image-2022-05-27-at-4.50.57-PM.jpeg?resize=768%2C512&amp;ssl=1 768w, https:\/\/i0.wp.com\/fundacionperiodismo.org\/periodismo-por-una-vida-sin-violencia\/wp-content\/uploads\/2022\/05\/WhatsApp-Image-2022-05-27-at-4.50.57-PM.jpeg?resize=358%2C239&amp;ssl=1 358w, https:\/\/i0.wp.com\/fundacionperiodismo.org\/periodismo-por-una-vida-sin-violencia\/wp-content\/uploads\/2022\/05\/WhatsApp-Image-2022-05-27-at-4.50.57-PM.jpeg?w=1280&amp;ssl=1 1280w\" sizes=\"auto, (max-width: 640px) 100vw, 640px\" \/><\/p>\n<p>\u00a0<\/p>\n<p>\u201cEstos encuentros nos han abierto los ojos. Con el apoyo de la cooperaci\u00f3n suiza y sueca, les hicimos conocer sus derechos, los contenidos de la Ley 348, Ley para Garantizar a las Mujeres una Vida libre de Violencia, a fin de que mejoren su calidad de vida y salir del encierro (\u2026) Sus parejas ya no les dec\u00edan \u2018no vas a ir\u2019. El objetivo principal de esta iniciativa es reducir la violencia en el hogar porque en nuestro municipio hay mucha violencia en el hogar, especialmente psicol\u00f3gica, econ\u00f3mica y otros tipos de violencia poco conocidas\u201d.<\/p>\n<p>Vivero a\u00f1ade que, ahora, incluso los varones usan el mismo eslogan para reunirse en diversas actividades, por lo que valora que se haya comprendido que la actividad solo tiene fines positivos.<\/p>\n<p>\u201cMujer, date tiempo\u201d es una de las iniciativas que desarrolla el municipio de San Antonio de Lomer\u00edo para prevenir y combatir la violencia. Entre otros, tambi\u00e9n se organizan ferias informativas y capacitaciones a personas de diversas edades pertenecientes a distintos sectores de la sociedad civil y sus instituciones, con las cuales sellaron alianzas.<\/p>\n<p>Como en otras experiencias, las cruzadas comunicacionales tambi\u00e9n han sido claves para llegar la poblaci\u00f3n en general.<\/p>\n<p>San Antonio de Lomer\u00edo es un municipio ubicado en la provincia \u00d1uflo de Chaves, al oeste del departamento de Santa Cruz. Un viaje de un poco m\u00e1s de cuatro horas por carretera lo separa de Santa Cruz de la Sierra. El n\u00famero de habitantes estimado para 2020 en este territorio es de 7.000.<\/p>\n<p>\u00a0<\/p>\n<p><span style=\"color: #800080;\"><strong>BUENA VISTA INCORPORA A LAS PROMOTORAS COMUNITARIAS EN SU LEY MUNICIPAL CONTRA LA VIOLENCIA<\/strong><\/span><\/p>\n<p>Las promotoras comunitarias contra la violencia del municipio cruce\u00f1o de Buena Vista son las primeras en ser incluidas en una ley municipal para garantizar la sostenibilidad de su trabajo y tambi\u00e9n las primeras en ser reconocidas oficialmente como agentes locales estrat\u00e9gicos en la prevenci\u00f3n y la erradicaci\u00f3n de la violencia de g\u00e9nero.<\/p>\n<p>Mediante una modificaci\u00f3n al art\u00edculo 10 de la Ley Municipal 107 de Lucha contra la Violencia, las autoridades de esa comuna se comprometen con el trabajo de este grupo de mujeres voluntarias.<\/p>\n<p>\u201cA trav\u00e9s de los t\u00e9cnicos y las agencias de cooperaci\u00f3n vimos necesario incluir en la ley a las promotoras comunitarias, que estaban pr\u00e1cticamente desamparas (\u2026). Una vez promulgada la ley esperemos apoyarlas, porque es complicado hacer un trabajo <em>ad honorem<\/em>, hace falta presupuesto para movilizarse de una comunidad a otra. Por ejemplo, para trasladarse desde Guayt\u00fa hasta Villa Diego, si no se cuenta con transporte, se demora como dos horas caminando. Hay que darles las condiciones para realizar su labor\u201d, explic\u00f3 el concejal Isa\u00edas Sandoval.<\/p>\n<p>El 11 de mayo, en un acto p\u00fablico, la autoridad se comprometi\u00f3 a que la norma ser\u00eda debatida y aprobada en el Concejo y promulgada por el Ejecutivo municipal en solo d\u00edas.<\/p>\n<p>En todo el territorio del municipio de Buena Vista hay 10 promotoras comunitarias; la mayor\u00eda de ellas inciden en zonas alejadas del \u00e1rea urbana y son el brazo derecho del Servicio Legal Integral Municipal (SLIM) y de la Defensor\u00eda de la Ni\u00f1ez y la Adolescencia.<\/p>\n<p>\u00a0<\/p>\n<p><img data-recalc-dims=\"1\" decoding=\"async\" class=\"aligncenter size-full wp-image-1222\" src=\"https:\/\/i0.wp.com\/fundacionperiodismo.org\/periodismo-por-una-vida-sin-violencia\/wp-content\/uploads\/2022\/05\/Promotoras-buena-vista.jpeg?resize=640%2C305&#038;ssl=1\" alt=\"Promotoras Buena Vista\" width=\"640\" height=\"305\" loading=\"lazy\" srcset=\"https:\/\/i0.wp.com\/fundacionperiodismo.org\/periodismo-por-una-vida-sin-violencia\/wp-content\/uploads\/2022\/05\/Promotoras-buena-vista.jpeg?w=959&amp;ssl=1 959w, https:\/\/i0.wp.com\/fundacionperiodismo.org\/periodismo-por-una-vida-sin-violencia\/wp-content\/uploads\/2022\/05\/Promotoras-buena-vista.jpeg?resize=300%2C143&amp;ssl=1 300w, https:\/\/i0.wp.com\/fundacionperiodismo.org\/periodismo-por-una-vida-sin-violencia\/wp-content\/uploads\/2022\/05\/Promotoras-buena-vista.jpeg?resize=768%2C366&amp;ssl=1 768w\" sizes=\"auto, (max-width: 640px) 100vw, 640px\" \/><\/p>\n<p>\u00a0<\/p>\n<p>Aunque tienen a\u00f1os de existencia, la activaci\u00f3n de la Red \u00a1Mujer, val\u00f3rate! \u2014que construy\u00f3 alianzas con pr\u00e1cticamente todas las instituciones p\u00fablicas y privadas del municipio en torno a actividades formativas y preventivas de la violencia machista\u2014 le dio un nuevo impulso a su trabajo.<\/p>\n<p>En esta nueva etapa, las habilidades de las promotoras comunitarias \u201cfueron fortalecidas para contener a las v\u00edctimas, informar, sensibilizar y denunciar a las personas que practican la violencia en nuestro municipio\u201d, dijo a su vez el secretario Ejecutivo de Buena Vista, Te\u00f3filo Mendoza.<\/p>\n<p>En tanto que Delia Claros, directora del SLIM, valor\u00f3 los logros de este valioso grupo de mujeres: \u201cEstamos trabajando con comunidades a las que nunca se hab\u00eda llegado, por tanto, estoy muy agradecida con nuestras promotoras comunitarias\u201d.<\/p>\n<p>En entrevista con la Red de Periodismo para una Vida Libre de Violencia, Mar\u00eda Cristina Guzm\u00e1n, de 57 a\u00f1os de edad y promotora la comunidad Virgen del Carmen explic\u00f3 que su trabajo consiste en \u201cvelar por el bienestar de las comunidades. Muchas veces, como mujer o madre, una no tiene el conocimiento (de sus derechos) o el \u00e1nimo (para denunciar la violencia). A veces tenemos miedo de tomar acci\u00f3n cuando nos maltratan. Lo que buscamos es evitar eso, peor si hay ni\u00f1os\u201d.<\/p>\n<p>Buena Vista es capital de la provincia Ichilo del departamento de Santa Cruz y se ubica al noreste de la ciudad de Santa Cruz de Sierra. Un viaje de dos horas por carretera separa a ambos municipios. Seg\u00fan las proyecciones del Instituto Nacional de Estad\u00edstica, este territorio aut\u00f3nomo tiene cerca de 13.000 habitantes.<\/p>\n<\/body>","protected":false},"excerpt":{"rendered":"<p>Representantes de 29 municipios cruce\u00f1os se reunieron para compartir iniciativas y buenas pr\u00e1cticas para frenar la violencia machista (fotos: Solidar Suiza). \u00a0 Iniciativas ejecutadas en el \u00e1mbito local, con escasos recursos pero alta participaci\u00f3n de la comunidad, comienzan a rendir frutos. El objetivo com\u00fan es prevenir y erradicar todas las formas de violencia en contra [&hellip;]<\/p>\n","protected":false},"author":3,"featured_media":1219,"comment_status":"closed","ping_status":"open","sticky":false,"template":"","format":"standard","meta":{"om_disable_all_campaigns":false,"_jetpack_memberships_contains_paid_content":false,"footnotes":""},"categories":[1],"tags":[],"class_list":["post-1216","post","type-post","status-publish","format-standard","has-post-thumbnail","hentry","category-nota"],"jetpack_featured_media_url":"https:\/\/i0.wp.com\/fundacionperiodismo.org\/periodismo-por-una-vida-sin-violencia\/wp-content\/uploads\/2022\/05\/ok-ok.jpg?fit=800%2C600&ssl=1","jetpack_sharing_enabled":true,"_links":{"self":[{"href":"https:\/\/fundacionperiodismo.org\/periodismo-por-una-vida-sin-violencia\/wp-json\/wp\/v2\/posts\/1216","targetHints":{"allow":["GET"]}}],"collection":[{"href":"https:\/\/fundacionperiodismo.org\/periodismo-por-una-vida-sin-violencia\/wp-json\/wp\/v2\/posts"}],"about":[{"href":"https:\/\/fundacionperiodismo.org\/periodismo-por-una-vida-sin-violencia\/wp-json\/wp\/v2\/types\/post"}],"author":[{"embeddable":true,"href":"https:\/\/fundacionperiodismo.org\/periodismo-por-una-vida-sin-violencia\/wp-json\/wp\/v2\/users\/3"}],"replies":[{"embeddable":true,"href":"https:\/\/fundacionperiodismo.org\/periodismo-por-una-vida-sin-violencia\/wp-json\/wp\/v2\/comments?post=1216"}],"version-history":[{"count":5,"href":"https:\/\/fundacionperiodismo.org\/periodismo-por-una-vida-sin-violencia\/wp-json\/wp\/v2\/posts\/1216\/revisions"}],"predecessor-version":[{"id":1236,"href":"https:\/\/fundacionperiodismo.org\/periodismo-por-una-vida-sin-violencia\/wp-json\/wp\/v2\/posts\/1216\/revisions\/1236"}],"wp:featuredmedia":[{"embeddable":true,"href":"https:\/\/fundacionperiodismo.org\/periodismo-por-una-vida-sin-violencia\/wp-json\/wp\/v2\/media\/1219"}],"wp:attachment":[{"href":"https:\/\/fundacionperiodismo.org\/periodismo-por-una-vida-sin-violencia\/wp-json\/wp\/v2\/media?parent=1216"}],"wp:term":[{"taxonomy":"category","embeddable":true,"href":"https:\/\/fundacionperiodismo.org\/periodismo-por-una-vida-sin-violencia\/wp-json\/wp\/v2\/categories?post=1216"},{"taxonomy":"post_tag","embeddable":true,"href":"https:\/\/fundacionperiodismo.org\/periodismo-por-una-vida-sin-violencia\/wp-json\/wp\/v2\/tags?post=1216"}],"curies":[{"name":"wp","href":"https:\/\/api.w.org\/{rel}","templated":true}]}}